{"id":16879,"date":"2024-04-01T17:46:29","date_gmt":"2024-04-01T17:46:29","guid":{"rendered":"https:\/\/cnctulua.tv\/?p=16879"},"modified":"2024-04-01T17:46:32","modified_gmt":"2024-04-01T17:46:32","slug":"inauguracion-de-nueva-planta-de-tratamiento-de-aguas-residuales-en-buga-un-paso-crucial-en-la-conservacion-ambiental-del-valle-del-cauca","status":"publish","type":"post","link":"https:\/\/cnctulua.tv\/?p=16879","title":{"rendered":"INAUGURACI\u00d3N DE NUEVA PLANTA DE TRATAMIENTO DE AGUAS RESIDUALES EN BUGA: Un paso crucial en la conservaci\u00f3n ambiental del Valle del Cauca."},"content":{"rendered":"\n<p>En el marco del D\u00eda Internacional del Agua, la Gobernadora del Valle del Cauca, Dilian Francisca Toro, encabez\u00f3 la inauguraci\u00f3n de una significativa infraestructura ambiental: la Planta de Tratamiento de Aguas Residuales (PTAR) en Buga. Esta iniciativa representa un importante avance en la preservaci\u00f3n del medio ambiente y el bienestar de la comunidad local.<\/p>\n\n\n\n<p><\/p>\n\n\n\n<figure class=\"wp-block-embed is-type-video is-provider-youtube wp-block-embed-youtube wp-embed-aspect-16-9 wp-has-aspect-ratio\"><div class=\"wp-block-embed__wrapper\">\n<iframe loading=\"lazy\" title=\"Inauguraci\u00f3n de planta de tratamiento de aguas residuales en Buga.\" width=\"640\" height=\"360\" src=\"https:\/\/www.youtube.com\/embed\/yiLc5pg-nsE?feature=oembed\" frameborder=\"0\" allow=\"accelerometer; autoplay; clipboard-write; encrypted-media; gyroscope; picture-in-picture; web-share\" referrerpolicy=\"strict-origin-when-cross-origin\" allowfullscreen><\/iframe>\n<\/div><\/figure>\n\n\n\n<p>La nueva PTAR, ubicada en el corregimiento de Zanj\u00f3n Hondo, beneficiar\u00e1 a m\u00e1s de 3.000 habitantes y evitar\u00e1 la contaminaci\u00f3n de cuerpos de agua como la Laguna de Sonso y el r\u00edo Cauca.<\/p>\n\n\n\n<p>\u00abEs una obra muy importante primero, porque se escuch\u00f3 a la comunidad que quer\u00eda que se hiciera esta PTAR\u00bb, afirm\u00f3 la Gobernadora Dilian Francisca Toro. \u00abSegundo, porque es la descontaminaci\u00f3n del r\u00edo Cauca y de la Laguna de Sonso, que es fundamental para poder nosotros lograr la navegabilidad del r\u00edo Cauca.\u00bb<\/p>\n\n\n\n<p>La construcci\u00f3n de esta planta fue posible gracias a la decidida gesti\u00f3n de la Gobernadora, quien en su primer mandato se comprometi\u00f3 con el desarrollo sostenible y la protecci\u00f3n ambiental en la regi\u00f3n.<\/p>\n\n\n\n<p>\u00abSin lugar a dudas, este proyecto va a permitir que todas las aguas residuales que actualmente llegan a la laguna de Sonso, van a ser tratadas y entregadas como agua limpia, va a ser algo que en el medio ambiente nos va ayudar much\u00edsimo\u00bb, expres\u00f3 Bernardo Parra Gonz\u00e1lez, residente del sector.<\/p>\n\n\n\n<figure class=\"wp-block-image size-full is-resized\"><img loading=\"lazy\" decoding=\"async\" width=\"600\" height=\"400\" src=\"https:\/\/cnctulua.tv\/wp-content\/uploads\/2024\/04\/thpubInt_700X400_81616.webp\" alt=\"\" class=\"wp-image-16880\" style=\"width:836px;height:auto\" srcset=\"https:\/\/cnctulua.tv\/wp-content\/uploads\/2024\/04\/thpubInt_700X400_81616.webp 600w, https:\/\/cnctulua.tv\/wp-content\/uploads\/2024\/04\/thpubInt_700X400_81616-300x200.webp 300w\" sizes=\"auto, (max-width: 600px) 100vw, 600px\" \/><\/figure>\n\n\n\n<p>La alcaldesa de Guadalajara de Buga, Karol Mart\u00ednez Silva, destac\u00f3 el impacto positivo de la PTAR al se\u00f1alar que \u00abva a beneficiar a m\u00e1s de 3.000 personas, pero, sobre todo, va a beneficiar a todo un ecosistema, la PTAR realiza la limpieza del agua usada y de las aguas residuales, para que puedan ser devueltas de manera segura a nuestro medio ambiente\u00bb.<\/p>\n\n\n\n<p>La inauguraci\u00f3n de esta PTAR en Buga refleja el compromiso conjunto de las autoridades y la comunidad en la construcci\u00f3n de un futuro m\u00e1s pr\u00f3spero y saludable para todos.<\/p>\n","protected":false},"excerpt":{"rendered":"<p>En el marco del D\u00eda Internacional del Agua, la Gobernadora del Valle del Cauca, Dilian Francisca Toro, encabez\u00f3 la inauguraci\u00f3n de una significativa infraestructura ambiental: la Planta de Tratamiento de Aguas Residuales (PTAR) en Buga. Esta iniciativa representa un importante avance en la preservaci\u00f3n del medio ambiente y el bienestar de la comunidad local. La [&hellip;]<\/p>\n","protected":false},"author":3,"featured_media":16881,"comment_status":"open","ping_status":"open","sticky":false,"template":"","format":"video","meta":{"footnotes":""},"categories":[10],"tags":[],"class_list":["post-16879","post","type-post","status-publish","format-video","has-post-thumbnail","hentry","category-cnc-noticias-tulua","post_format-post-format-video"],"_links":{"self":[{"href":"https:\/\/cnctulua.tv\/index.php?rest_route=\/wp\/v2\/posts\/16879","targetHints":{"allow":["GET"]}}],"collection":[{"href":"https:\/\/cnctulua.tv\/index.php?rest_route=\/wp\/v2\/posts"}],"about":[{"href":"https:\/\/cnctulua.tv\/index.php?rest_route=\/wp\/v2\/types\/post"}],"author":[{"embeddable":true,"href":"https:\/\/cnctulua.tv\/index.php?rest_route=\/wp\/v2\/users\/3"}],"replies":[{"embeddable":true,"href":"https:\/\/cnctulua.tv\/index.php?rest_route=%2Fwp%2Fv2%2Fcomments&post=16879"}],"version-history":[{"count":1,"href":"https:\/\/cnctulua.tv\/index.php?rest_route=\/wp\/v2\/posts\/16879\/revisions"}],"predecessor-version":[{"id":16882,"href":"https:\/\/cnctulua.tv\/index.php?rest_route=\/wp\/v2\/posts\/16879\/revisions\/16882"}],"wp:featuredmedia":[{"embeddable":true,"href":"https:\/\/cnctulua.tv\/index.php?rest_route=\/wp\/v2\/media\/16881"}],"wp:attachment":[{"href":"https:\/\/cnctulua.tv\/index.php?rest_route=%2Fwp%2Fv2%2Fmedia&parent=16879"}],"wp:term":[{"taxonomy":"category","embeddable":true,"href":"https:\/\/cnctulua.tv\/index.php?rest_route=%2Fwp%2Fv2%2Fcategories&post=16879"},{"taxonomy":"post_tag","embeddable":true,"href":"https:\/\/cnctulua.tv\/index.php?rest_route=%2Fwp%2Fv2%2Ftags&post=16879"}],"curies":[{"name":"wp","href":"https:\/\/api.w.org\/{rel}","templated":true}]}}