{"id":16886,"date":"2024-04-01T18:33:37","date_gmt":"2024-04-01T18:33:37","guid":{"rendered":"https:\/\/cnctulua.tv\/?p=16886"},"modified":"2024-04-01T18:33:40","modified_gmt":"2024-04-01T18:33:40","slug":"gobernacion-del-valle-del-cauca-llama-a-la-prevencion-ante-aumento-de-incendios-forestales","status":"publish","type":"post","link":"https:\/\/cnctulua.tv\/?p=16886","title":{"rendered":"GOBERNACI\u00d3N DEL VALLE DEL CAUCA LLAMA A LA PREVENCI\u00d3N ante aumento de incendios forestales."},"content":{"rendered":"\n<p>En medio de un preocupante incremento de incendios forestales en el departamento, la Gobernaci\u00f3n del Valle del Cauca ha emitido un llamado urgente a la poblaci\u00f3n para que tome medidas de precauci\u00f3n durante la temporada seca y proteja las \u00e1reas boscosas.<\/p>\n\n\n\n<figure class=\"wp-block-embed is-type-video is-provider-youtube wp-block-embed-youtube wp-embed-aspect-16-9 wp-has-aspect-ratio\"><div class=\"wp-block-embed__wrapper\">\n<iframe loading=\"lazy\" title=\"Alerta en Valle del Cauca sobre posibles incendios forestales.\" width=\"640\" height=\"360\" src=\"https:\/\/www.youtube.com\/embed\/HF8dKm09chg?feature=oembed\" frameborder=\"0\" allow=\"accelerometer; autoplay; clipboard-write; encrypted-media; gyroscope; picture-in-picture; web-share\" referrerpolicy=\"strict-origin-when-cross-origin\" allowfullscreen><\/iframe>\n<\/div><\/figure>\n\n\n\n<p>\u00abEs imperativo que todos estemos alerta y tomemos acciones preventivas\u00bb, declar\u00f3 Francisco Javier Tenorio, secretario de Gesti\u00f3n del Riesgo de Desastres del Valle del Cauca. \u00abContinuamos enfrentando el Fen\u00f3meno de &#8216;El Ni\u00f1o&#8217;, con potencial de extenderse hasta finales de abril, pero esperamos un cambio gradual con algunas lluvias en el horizonte\u00bb, agreg\u00f3.<\/p>\n\n\n\n<figure class=\"wp-block-image size-full is-resized\"><img loading=\"lazy\" decoding=\"async\" width=\"768\" height=\"431\" src=\"https:\/\/cnctulua.tv\/wp-content\/uploads\/2024\/04\/inundaciones-rios-nino_costero-desastres_ambientales-3-768x431-1-jpg.webp\" alt=\"\" class=\"wp-image-16888\" style=\"width:842px;height:auto\" srcset=\"https:\/\/cnctulua.tv\/wp-content\/uploads\/2024\/04\/inundaciones-rios-nino_costero-desastres_ambientales-3-768x431-1-jpg.webp 768w, https:\/\/cnctulua.tv\/wp-content\/uploads\/2024\/04\/inundaciones-rios-nino_costero-desastres_ambientales-3-768x431-1-300x168.webp 300w\" sizes=\"auto, (max-width: 768px) 100vw, 768px\" \/><\/figure>\n\n\n\n<p>La campa\u00f1a educativa &#8216;Mi Valle no se quema&#8217;, promovida por la gobernadora Dilian Francisca Toro, busca generar conciencia c\u00edvica y responsabilidad individual en la preservaci\u00f3n del entorno natural. \u00abAlertar a las autoridades ante la aparici\u00f3n de incendios, usar el agua de manera racional, proteger a nuestros animales y prevenir el dengue son acciones clave\u00bb, enfatiz\u00f3 Toro.<\/p>\n\n\n\n<p>Con la Semana Mayor acerc\u00e1ndose y la afluencia de visitantes a zonas tur\u00edsticas como los cerros tutelares, se hace hincapi\u00e9 en la colaboraci\u00f3n ciudadana para evitar tragedias. \u00abCada vallecaucano debe contribuir para evitar los incendios forestales, fen\u00f3meno de alta frecuencia en nuestra regi\u00f3n\u00bb, se\u00f1al\u00f3 el Secretario de Gesti\u00f3n del Riesgo de Desastres.<\/p>\n\n\n\n<figure class=\"wp-block-image size-full\"><img loading=\"lazy\" decoding=\"async\" width=\"780\" height=\"565\" src=\"https:\/\/cnctulua.tv\/wp-content\/uploads\/2024\/04\/Fenomenodelni-o-1-jpg.webp\" alt=\"\" class=\"wp-image-16889\" srcset=\"https:\/\/cnctulua.tv\/wp-content\/uploads\/2024\/04\/Fenomenodelni-o-1-jpg.webp 780w, https:\/\/cnctulua.tv\/wp-content\/uploads\/2024\/04\/Fenomenodelni-o-1-300x217.webp 300w, https:\/\/cnctulua.tv\/wp-content\/uploads\/2024\/04\/Fenomenodelni-o-1-768x556.webp 768w\" sizes=\"auto, (max-width: 780px) 100vw, 780px\" \/><\/figure>\n\n\n\n<p>Se destaca el monitoreo constante en los 42 municipios del departamento y la vigilancia de las cuencas hidrogr\u00e1ficas para evaluar su estado.<\/p>\n\n\n\n<p>La Gobernaci\u00f3n del Valle del Cauca hace un llamado a la acci\u00f3n y la responsabilidad colectiva para proteger el patrimonio natural y evitar desastres durante esta temporada seca.<\/p>\n","protected":false},"excerpt":{"rendered":"<p>En medio de un preocupante incremento de incendios forestales en el departamento, la Gobernaci\u00f3n del Valle del Cauca ha emitido un llamado urgente a la poblaci\u00f3n para que tome medidas de precauci\u00f3n durante la temporada seca y proteja las \u00e1reas boscosas. \u00abEs imperativo que todos estemos alerta y tomemos acciones preventivas\u00bb, declar\u00f3 Francisco Javier Tenorio, [&hellip;]<\/p>\n","protected":false},"author":3,"featured_media":16887,"comment_status":"open","ping_status":"open","sticky":false,"template":"","format":"video","meta":{"footnotes":""},"categories":[10],"tags":[],"class_list":["post-16886","post","type-post","status-publish","format-video","has-post-thumbnail","hentry","category-cnc-noticias-tulua","post_format-post-format-video"],"_links":{"self":[{"href":"https:\/\/cnctulua.tv\/index.php?rest_route=\/wp\/v2\/posts\/16886","targetHints":{"allow":["GET"]}}],"collection":[{"href":"https:\/\/cnctulua.tv\/index.php?rest_route=\/wp\/v2\/posts"}],"about":[{"href":"https:\/\/cnctulua.tv\/index.php?rest_route=\/wp\/v2\/types\/post"}],"author":[{"embeddable":true,"href":"https:\/\/cnctulua.tv\/index.php?rest_route=\/wp\/v2\/users\/3"}],"replies":[{"embeddable":true,"href":"https:\/\/cnctulua.tv\/index.php?rest_route=%2Fwp%2Fv2%2Fcomments&post=16886"}],"version-history":[{"count":1,"href":"https:\/\/cnctulua.tv\/index.php?rest_route=\/wp\/v2\/posts\/16886\/revisions"}],"predecessor-version":[{"id":16890,"href":"https:\/\/cnctulua.tv\/index.php?rest_route=\/wp\/v2\/posts\/16886\/revisions\/16890"}],"wp:featuredmedia":[{"embeddable":true,"href":"https:\/\/cnctulua.tv\/index.php?rest_route=\/wp\/v2\/media\/16887"}],"wp:attachment":[{"href":"https:\/\/cnctulua.tv\/index.php?rest_route=%2Fwp%2Fv2%2Fmedia&parent=16886"}],"wp:term":[{"taxonomy":"category","embeddable":true,"href":"https:\/\/cnctulua.tv\/index.php?rest_route=%2Fwp%2Fv2%2Fcategories&post=16886"},{"taxonomy":"post_tag","embeddable":true,"href":"https:\/\/cnctulua.tv\/index.php?rest_route=%2Fwp%2Fv2%2Ftags&post=16886"}],"curies":[{"name":"wp","href":"https:\/\/api.w.org\/{rel}","templated":true}]}}