{"id":16891,"date":"2024-04-01T18:47:44","date_gmt":"2024-04-01T18:47:44","guid":{"rendered":"https:\/\/cnctulua.tv\/?p=16891"},"modified":"2024-04-01T18:47:47","modified_gmt":"2024-04-01T18:47:47","slug":"impulsando-el-desarrollo-y-el-bienestar-en-el-valle-del-cauca-un-modelo-de-gobierno-articulado","status":"publish","type":"post","link":"https:\/\/cnctulua.tv\/?p=16891","title":{"rendered":"IMPULSANDO EL DESARROLLO Y EL BIENESTAR EN EL VALLE DEL CAUCA: un modelo de gobierno articulado."},"content":{"rendered":"\n<p>En una reciente declaraci\u00f3n, Anu Rajaraman, directora de USAID Colombia, resalt\u00f3 la importancia de contar con socios comprometidos como la gobernadora y su equipo en la Gobernaci\u00f3n de Andorra del Cauca. Rajaraman expres\u00f3 su satisfacci\u00f3n por la alineaci\u00f3n de prioridades entre ambas partes, especialmente en temas cr\u00edticos como la migraci\u00f3n y la inclusi\u00f3n social.<\/p>\n\n\n\n<figure class=\"wp-block-embed is-type-video is-provider-youtube wp-block-embed-youtube wp-embed-aspect-16-9 wp-has-aspect-ratio\"><div class=\"wp-block-embed__wrapper\">\n<iframe loading=\"lazy\" title=\"Directora de USAID Colombia destaca colaboraci\u00f3n con la Gobernaci\u00f3n de Andorra del Cauca.\" width=\"640\" height=\"360\" src=\"https:\/\/www.youtube.com\/embed\/nIT_cdGxwmg?feature=oembed\" frameborder=\"0\" allow=\"accelerometer; autoplay; clipboard-write; encrypted-media; gyroscope; picture-in-picture; web-share\" referrerpolicy=\"strict-origin-when-cross-origin\" allowfullscreen><\/iframe>\n<\/div><\/figure>\n\n\n\n<p>\u00abNos complace mucho tener un socio clave comprometido como la gobernadora y todo su equipo en la gobernaci\u00f3n\u00bb, afirm\u00f3 Rajaraman. \u00abTenemos mucho en com\u00fan en t\u00e9rminos de alineaci\u00f3n de prioridades, temas como migraci\u00f3n, c\u00f3mo podemos integrar los migrantes venezolanos y de otros pa\u00edses para que puedan construir vidas dignas y productivas\u00bb.<\/p>\n\n\n\n<p>La directora de USAID Colombia subray\u00f3 la importancia de garantizar el acceso a oportunidades econ\u00f3micas y sociales para poblaciones vulnerables, como j\u00f3venes, mujeres y comunidades \u00e9tnicas. En este sentido, destac\u00f3 la colaboraci\u00f3n con otras agencias y departamentos del Gobierno de los Estados Unidos, como el Departamento de Defensa y el INAL, para abordar problemas como el narcotr\u00e1fico en el pa\u00eds.<\/p>\n\n\n\n<figure class=\"wp-block-image size-large\"><img loading=\"lazy\" decoding=\"async\" width=\"1024\" height=\"683\" src=\"https:\/\/cnctulua.tv\/wp-content\/uploads\/2024\/04\/WhatsApp-Image-2024-03-31-at-8.38.37-AM-1024x683.webp\" alt=\"\" class=\"wp-image-16892\" srcset=\"https:\/\/cnctulua.tv\/wp-content\/uploads\/2024\/04\/WhatsApp-Image-2024-03-31-at-8.38.37-AM-1024x683.webp 1024w, https:\/\/cnctulua.tv\/wp-content\/uploads\/2024\/04\/WhatsApp-Image-2024-03-31-at-8.38.37-AM-300x200.webp 300w, https:\/\/cnctulua.tv\/wp-content\/uploads\/2024\/04\/WhatsApp-Image-2024-03-31-at-8.38.37-AM-768x512.webp 768w, https:\/\/cnctulua.tv\/wp-content\/uploads\/2024\/04\/WhatsApp-Image-2024-03-31-at-8.38.37-AM-1536x1024.webp 1536w, https:\/\/cnctulua.tv\/wp-content\/uploads\/2024\/04\/WhatsApp-Image-2024-03-31-at-8.38.37-AM-2048x1365.webp 2048w, https:\/\/cnctulua.tv\/wp-content\/uploads\/2024\/04\/WhatsApp-Image-2024-03-31-at-8.38.37-AM-scaled.webp 1620w\" sizes=\"auto, (max-width: 1024px) 100vw, 1024px\" \/><\/figure>\n\n\n\n<p>\u00abEs fundamental asegurar que poblaciones vulnerables como j\u00f3venes, mujeres y comunidades \u00e9tnicas puedan obtener acceso a oportunidades econ\u00f3micas y sociales\u00bb, se\u00f1al\u00f3 Rajaraman. \u00abPor eso trabajamos en estrecha colaboraci\u00f3n con nuestras contrapartes en otras agencias y departamentos del Gobierno de los Estados Unidos, como el INAL y el Departamento de Defensa\u00bb.<\/p>\n\n\n\n<p>Rajaraman tambi\u00e9n destac\u00f3 el enfoque de USAID en el desarrollo econ\u00f3mico rural integrado y su compromiso con la pol\u00edtica nacional del pa\u00eds. \u00abEn nuestro enfoque en desarrollo econ\u00f3mico rural integrado, muchas de nuestras actividades aqu\u00ed en Colombia est\u00e1n creando oportunidades para los productores y las comunidades\u00bb, afirm\u00f3. \u00abEstamos trabajando para ayudar a las comunidades a transicional exitosamente de cultivos il\u00edcitos como la coca hacia cultivos l\u00edcitos\u00bb.<\/p>\n\n\n\n<figure class=\"wp-block-image size-large\"><img loading=\"lazy\" decoding=\"async\" width=\"1024\" height=\"682\" src=\"https:\/\/cnctulua.tv\/wp-content\/uploads\/2024\/04\/WhatsApp-Image-2024-03-31-at-8.38.16-AM-1024x682.webp\" alt=\"\" class=\"wp-image-16893\" srcset=\"https:\/\/cnctulua.tv\/wp-content\/uploads\/2024\/04\/WhatsApp-Image-2024-03-31-at-8.38.16-AM-1024x682.webp 1024w, https:\/\/cnctulua.tv\/wp-content\/uploads\/2024\/04\/WhatsApp-Image-2024-03-31-at-8.38.16-AM-300x200.webp 300w, https:\/\/cnctulua.tv\/wp-content\/uploads\/2024\/04\/WhatsApp-Image-2024-03-31-at-8.38.16-AM-768x512.webp 768w, https:\/\/cnctulua.tv\/wp-content\/uploads\/2024\/04\/WhatsApp-Image-2024-03-31-at-8.38.16-AM-1536x1024.webp 1536w, https:\/\/cnctulua.tv\/wp-content\/uploads\/2024\/04\/WhatsApp-Image-2024-03-31-at-8.38.16-AM-2048x1365.webp 2048w, https:\/\/cnctulua.tv\/wp-content\/uploads\/2024\/04\/WhatsApp-Image-2024-03-31-at-8.38.16-AM-scaled.webp 1920w\" sizes=\"auto, (max-width: 1024px) 100vw, 1024px\" \/><\/figure>\n\n\n\n<p>La directora de USAID Colombia concluy\u00f3 expresando su satisfacci\u00f3n por la oportunidad de compartir visiones y prioridades con la gobernadora de Andorra del Cauca, y manifest\u00f3 su deseo de seguir colaborando estrechamente en el futuro. \u00abHa sido un placer tener esa oportunidad de compartir visiones y prioridades con la gobernadora\u00bb, dijo. \u00abEsperamos tener m\u00e1s oportunidades de colaborar en el futuro\u00bb.<\/p>\n","protected":false},"excerpt":{"rendered":"<p>En una reciente declaraci\u00f3n, Anu Rajaraman, directora de USAID Colombia, resalt\u00f3 la importancia de contar con socios comprometidos como la gobernadora y su equipo en la Gobernaci\u00f3n de Andorra del Cauca. Rajaraman expres\u00f3 su satisfacci\u00f3n por la alineaci\u00f3n de prioridades entre ambas partes, especialmente en temas cr\u00edticos como la migraci\u00f3n y la inclusi\u00f3n social. \u00abNos [&hellip;]<\/p>\n","protected":false},"author":3,"featured_media":16894,"comment_status":"open","ping_status":"open","sticky":false,"template":"","format":"video","meta":{"footnotes":""},"categories":[10],"tags":[],"class_list":["post-16891","post","type-post","status-publish","format-video","has-post-thumbnail","hentry","category-cnc-noticias-tulua","post_format-post-format-video"],"_links":{"self":[{"href":"https:\/\/cnctulua.tv\/index.php?rest_route=\/wp\/v2\/posts\/16891","targetHints":{"allow":["GET"]}}],"collection":[{"href":"https:\/\/cnctulua.tv\/index.php?rest_route=\/wp\/v2\/posts"}],"about":[{"href":"https:\/\/cnctulua.tv\/index.php?rest_route=\/wp\/v2\/types\/post"}],"author":[{"embeddable":true,"href":"https:\/\/cnctulua.tv\/index.php?rest_route=\/wp\/v2\/users\/3"}],"replies":[{"embeddable":true,"href":"https:\/\/cnctulua.tv\/index.php?rest_route=%2Fwp%2Fv2%2Fcomments&post=16891"}],"version-history":[{"count":1,"href":"https:\/\/cnctulua.tv\/index.php?rest_route=\/wp\/v2\/posts\/16891\/revisions"}],"predecessor-version":[{"id":16895,"href":"https:\/\/cnctulua.tv\/index.php?rest_route=\/wp\/v2\/posts\/16891\/revisions\/16895"}],"wp:featuredmedia":[{"embeddable":true,"href":"https:\/\/cnctulua.tv\/index.php?rest_route=\/wp\/v2\/media\/16894"}],"wp:attachment":[{"href":"https:\/\/cnctulua.tv\/index.php?rest_route=%2Fwp%2Fv2%2Fmedia&parent=16891"}],"wp:term":[{"taxonomy":"category","embeddable":true,"href":"https:\/\/cnctulua.tv\/index.php?rest_route=%2Fwp%2Fv2%2Fcategories&post=16891"},{"taxonomy":"post_tag","embeddable":true,"href":"https:\/\/cnctulua.tv\/index.php?rest_route=%2Fwp%2Fv2%2Ftags&post=16891"}],"curies":[{"name":"wp","href":"https:\/\/api.w.org\/{rel}","templated":true}]}}