{"id":16896,"date":"2024-04-01T19:01:21","date_gmt":"2024-04-01T19:01:21","guid":{"rendered":"https:\/\/cnctulua.tv\/?p=16896"},"modified":"2024-04-01T19:01:27","modified_gmt":"2024-04-01T19:01:27","slug":"en-buenaventura-fue-asesinado-landos-landazuri-bernal","status":"publish","type":"post","link":"https:\/\/cnctulua.tv\/?p=16896","title":{"rendered":"EN BUENAVENTURA: FUE ASESINADO LANDOS LAND\u00c1ZURI BERNAL."},"content":{"rendered":"\n<p>En el Distrito Especial de Polic\u00eda de Buenaventura un hombre fue asesinado en al barrio Las Am\u00e9ricas, la v\u00edctima fue identificada como Johan Landos Land\u00e1zuri Bernal, quien recibi\u00f3 varios impactos con arma de fuego por personas desconocidas.<\/p>\n\n\n\n<p>El Comandante del Distrito, Coronel Oleskyenio Enrique Fl\u00f3rez Rinc\u00f3n, asegura que se est\u00e1 desplegando un \u00abdibujo metodol\u00f3gico en la investigaci\u00f3n\u00bb para esclarecer los hechos. En coordinaci\u00f3n con <a>la Fiscal\u00eda de la Naci\u00f3n, se <\/a>est\u00e1n determinando posibles \u00abmodus operandi\u00bb y explorando diversas hip\u00f3tesis.<\/p>\n\n\n\n<figure class=\"wp-block-embed is-type-video is-provider-youtube wp-block-embed-youtube wp-embed-aspect-16-9 wp-has-aspect-ratio\"><div class=\"wp-block-embed__wrapper\">\n<iframe loading=\"lazy\" title=\"En Buenaventura: fue asesinado Landos Land\u00e1zuri Bernal.\" width=\"640\" height=\"360\" src=\"https:\/\/www.youtube.com\/embed\/z3z9dt7AGm8?feature=oembed\" frameborder=\"0\" allow=\"accelerometer; autoplay; clipboard-write; encrypted-media; gyroscope; picture-in-picture; web-share\" referrerpolicy=\"strict-origin-when-cross-origin\" allowfullscreen><\/iframe>\n<\/div><\/figure>\n\n\n\n<p>La comunidad es instada a colaborar con cualquier \u00abinformaci\u00f3n relevante\u00bb que pueda contribuir al proceso de investigaci\u00f3n. Las autoridades reafirman su compromiso con la seguridad ciudadana y prometen no escatimar esfuerzos hasta lograr \u00abjusticia por este lamentable crimen\u00bb.<\/p>\n","protected":false},"excerpt":{"rendered":"<p>En el Distrito Especial de Polic\u00eda de Buenaventura un hombre fue asesinado en al barrio Las Am\u00e9ricas, la v\u00edctima fue identificada como Johan Landos Land\u00e1zuri Bernal, quien recibi\u00f3 varios impactos con arma de fuego por personas desconocidas. El Comandante del Distrito, Coronel Oleskyenio Enrique Fl\u00f3rez Rinc\u00f3n, asegura que se est\u00e1 desplegando un \u00abdibujo metodol\u00f3gico en [&hellip;]<\/p>\n","protected":false},"author":3,"featured_media":16897,"comment_status":"open","ping_status":"open","sticky":false,"template":"","format":"video","meta":{"footnotes":""},"categories":[10],"tags":[],"class_list":["post-16896","post","type-post","status-publish","format-video","has-post-thumbnail","hentry","category-cnc-noticias-tulua","post_format-post-format-video"],"_links":{"self":[{"href":"https:\/\/cnctulua.tv\/index.php?rest_route=\/wp\/v2\/posts\/16896","targetHints":{"allow":["GET"]}}],"collection":[{"href":"https:\/\/cnctulua.tv\/index.php?rest_route=\/wp\/v2\/posts"}],"about":[{"href":"https:\/\/cnctulua.tv\/index.php?rest_route=\/wp\/v2\/types\/post"}],"author":[{"embeddable":true,"href":"https:\/\/cnctulua.tv\/index.php?rest_route=\/wp\/v2\/users\/3"}],"replies":[{"embeddable":true,"href":"https:\/\/cnctulua.tv\/index.php?rest_route=%2Fwp%2Fv2%2Fcomments&post=16896"}],"version-history":[{"count":1,"href":"https:\/\/cnctulua.tv\/index.php?rest_route=\/wp\/v2\/posts\/16896\/revisions"}],"predecessor-version":[{"id":16898,"href":"https:\/\/cnctulua.tv\/index.php?rest_route=\/wp\/v2\/posts\/16896\/revisions\/16898"}],"wp:featuredmedia":[{"embeddable":true,"href":"https:\/\/cnctulua.tv\/index.php?rest_route=\/wp\/v2\/media\/16897"}],"wp:attachment":[{"href":"https:\/\/cnctulua.tv\/index.php?rest_route=%2Fwp%2Fv2%2Fmedia&parent=16896"}],"wp:term":[{"taxonomy":"category","embeddable":true,"href":"https:\/\/cnctulua.tv\/index.php?rest_route=%2Fwp%2Fv2%2Fcategories&post=16896"},{"taxonomy":"post_tag","embeddable":true,"href":"https:\/\/cnctulua.tv\/index.php?rest_route=%2Fwp%2Fv2%2Ftags&post=16896"}],"curies":[{"name":"wp","href":"https:\/\/api.w.org\/{rel}","templated":true}]}}