{"id":16920,"date":"2024-04-01T20:41:30","date_gmt":"2024-04-01T20:41:30","guid":{"rendered":"https:\/\/cnctulua.tv\/?p=16920"},"modified":"2024-04-01T20:41:34","modified_gmt":"2024-04-01T20:41:34","slug":"america-de-cali-logro-una-importante-victoria-frente-al-independiente-medellin","status":"publish","type":"post","link":"https:\/\/cnctulua.tv\/?p=16920","title":{"rendered":"AM\u00c9RICA DE CALI LOGR\u00d3 UNA IMPORTANTE VICTORIA FRENTE AL INDEPENDIENTE MEDELL\u00cdN."},"content":{"rendered":"\n<p>C\u00e9sar Farias, el director t\u00e9cnico del Am\u00e9rica de Cali, no ocult\u00f3 su satisfacci\u00f3n ante el rendimiento exhibido por el equipo en el crucial encuentro contra el Independiente Medell\u00edn. La contundente victoria obtenida les ha abierto las puertas para ingresar al codiciado grupo de los ocho en la tabla de posiciones, un logro que refleja el esfuerzo y dedicaci\u00f3n del conjunto.<\/p>\n\n\n\n<figure class=\"wp-block-embed is-type-video is-provider-youtube wp-block-embed-youtube wp-embed-aspect-16-9 wp-has-aspect-ratio\"><div class=\"wp-block-embed__wrapper\">\n<iframe loading=\"lazy\" title=\"Am\u00e9rica de Cali goleo a Independiente Medell\u00edn y se meti\u00f3 entre los 8.\" width=\"640\" height=\"360\" src=\"https:\/\/www.youtube.com\/embed\/3pzDM0bWB_A?feature=oembed\" frameborder=\"0\" allow=\"accelerometer; autoplay; clipboard-write; encrypted-media; gyroscope; picture-in-picture; web-share\" referrerpolicy=\"strict-origin-when-cross-origin\" allowfullscreen><\/iframe>\n<\/div><\/figure>\n\n\n\n<p>En sus declaraciones, Farias hizo hincapi\u00e9 en el arduo trabajo y la entrega demostrada por los jugadores, as\u00ed como en la efectividad que exhibieron sobre el terreno de juego. Resalt\u00f3 la importancia de mantener este alto nivel en los pr\u00f3ximos encuentros para consolidar su posici\u00f3n en la clasificaci\u00f3n y continuar avanzando hacia los objetivos trazados para la temporada.<\/p>\n\n\n\n<figure class=\"wp-block-image size-large\"><img loading=\"lazy\" decoding=\"async\" width=\"1024\" height=\"682\" src=\"https:\/\/cnctulua.tv\/wp-content\/uploads\/2024\/04\/WhatsApp-Image-2024-04-01-at-3.36.53-PM-9-1024x682.webp\" alt=\"\" class=\"wp-image-16921\" srcset=\"https:\/\/cnctulua.tv\/wp-content\/uploads\/2024\/04\/WhatsApp-Image-2024-04-01-at-3.36.53-PM-9-1024x682.webp 1024w, https:\/\/cnctulua.tv\/wp-content\/uploads\/2024\/04\/WhatsApp-Image-2024-04-01-at-3.36.53-PM-9-300x200.webp 300w, https:\/\/cnctulua.tv\/wp-content\/uploads\/2024\/04\/WhatsApp-Image-2024-04-01-at-3.36.53-PM-9-768x512.webp 768w, https:\/\/cnctulua.tv\/wp-content\/uploads\/2024\/04\/WhatsApp-Image-2024-04-01-at-3.36.53-PM-9-1536x1023.webp 1536w, https:\/\/cnctulua.tv\/wp-content\/uploads\/2024\/04\/WhatsApp-Image-2024-04-01-at-3.36.53-PM-9-jpg.webp 1600w\" sizes=\"auto, (max-width: 1024px) 100vw, 1024px\" \/><\/figure>\n\n\n\n<p>Esta victoria no solo representa un impulso en t\u00e9rminos de puntos en la tabla, sino tambi\u00e9n un refuerzo en la moral y la confianza del equipo. Farias inst\u00f3 a mantener la concentraci\u00f3n y el compromiso en cada partido venidero, consciente de que cada punto es vital en la lucha por alcanzar las metas establecidas.<\/p>\n\n\n\n<figure class=\"wp-block-image size-large\"><img loading=\"lazy\" decoding=\"async\" width=\"1024\" height=\"682\" src=\"https:\/\/cnctulua.tv\/wp-content\/uploads\/2024\/04\/WhatsApp-Image-2024-04-01-at-3.36.53-PM-3-1024x682.webp\" alt=\"\" class=\"wp-image-16923\" srcset=\"https:\/\/cnctulua.tv\/wp-content\/uploads\/2024\/04\/WhatsApp-Image-2024-04-01-at-3.36.53-PM-3-1024x682.webp 1024w, https:\/\/cnctulua.tv\/wp-content\/uploads\/2024\/04\/WhatsApp-Image-2024-04-01-at-3.36.53-PM-3-300x200.webp 300w, https:\/\/cnctulua.tv\/wp-content\/uploads\/2024\/04\/WhatsApp-Image-2024-04-01-at-3.36.53-PM-3-768x512.webp 768w, https:\/\/cnctulua.tv\/wp-content\/uploads\/2024\/04\/WhatsApp-Image-2024-04-01-at-3.36.53-PM-3-1536x1023.webp 1536w, https:\/\/cnctulua.tv\/wp-content\/uploads\/2024\/04\/WhatsApp-Image-2024-04-01-at-3.36.53-PM-3-jpeg.webp 1600w\" sizes=\"auto, (max-width: 1024px) 100vw, 1024px\" \/><\/figure>\n","protected":false},"excerpt":{"rendered":"<p>C\u00e9sar Farias, el director t\u00e9cnico del Am\u00e9rica de Cali, no ocult\u00f3 su satisfacci\u00f3n ante el rendimiento exhibido por el equipo en el crucial encuentro contra el Independiente Medell\u00edn. La contundente victoria obtenida les ha abierto las puertas para ingresar al codiciado grupo de los ocho en la tabla de posiciones, un logro que refleja el [&hellip;]<\/p>\n","protected":false},"author":3,"featured_media":16922,"comment_status":"open","ping_status":"open","sticky":false,"template":"","format":"video","meta":{"footnotes":""},"categories":[10],"tags":[],"class_list":["post-16920","post","type-post","status-publish","format-video","has-post-thumbnail","hentry","category-cnc-noticias-tulua","post_format-post-format-video"],"_links":{"self":[{"href":"https:\/\/cnctulua.tv\/index.php?rest_route=\/wp\/v2\/posts\/16920","targetHints":{"allow":["GET"]}}],"collection":[{"href":"https:\/\/cnctulua.tv\/index.php?rest_route=\/wp\/v2\/posts"}],"about":[{"href":"https:\/\/cnctulua.tv\/index.php?rest_route=\/wp\/v2\/types\/post"}],"author":[{"embeddable":true,"href":"https:\/\/cnctulua.tv\/index.php?rest_route=\/wp\/v2\/users\/3"}],"replies":[{"embeddable":true,"href":"https:\/\/cnctulua.tv\/index.php?rest_route=%2Fwp%2Fv2%2Fcomments&post=16920"}],"version-history":[{"count":1,"href":"https:\/\/cnctulua.tv\/index.php?rest_route=\/wp\/v2\/posts\/16920\/revisions"}],"predecessor-version":[{"id":16924,"href":"https:\/\/cnctulua.tv\/index.php?rest_route=\/wp\/v2\/posts\/16920\/revisions\/16924"}],"wp:featuredmedia":[{"embeddable":true,"href":"https:\/\/cnctulua.tv\/index.php?rest_route=\/wp\/v2\/media\/16922"}],"wp:attachment":[{"href":"https:\/\/cnctulua.tv\/index.php?rest_route=%2Fwp%2Fv2%2Fmedia&parent=16920"}],"wp:term":[{"taxonomy":"category","embeddable":true,"href":"https:\/\/cnctulua.tv\/index.php?rest_route=%2Fwp%2Fv2%2Fcategories&post=16920"},{"taxonomy":"post_tag","embeddable":true,"href":"https:\/\/cnctulua.tv\/index.php?rest_route=%2Fwp%2Fv2%2Ftags&post=16920"}],"curies":[{"name":"wp","href":"https:\/\/api.w.org\/{rel}","templated":true}]}}