{"id":16925,"date":"2024-04-01T21:41:10","date_gmt":"2024-04-01T21:41:10","guid":{"rendered":"https:\/\/cnctulua.tv\/?p=16925"},"modified":"2024-04-01T21:41:13","modified_gmt":"2024-04-01T21:41:13","slug":"capturado-alias-picoro-cabecilla-del-frente-jaime-martinez-en-timba-jamundi","status":"publish","type":"post","link":"https:\/\/cnctulua.tv\/?p=16925","title":{"rendered":"CAPTURADO ALIAS &#8216;PICORO&#8217;, CABECILLA DEL FRENTE &#8216;JAIME MART\u00cdNEZ&#8217; EN TIMBA, JAMUND\u00cd."},"content":{"rendered":"\n<p>En una reciente operaci\u00f3n denominada \u2018Operaci\u00f3n Cauca\u2019, las autoridades lograron la captura de alias &#8216;Picoro&#8217;, se\u00f1alado como cabecilla del Frente &#8216;Jaime Mart\u00ednez&#8217;, en el corregimiento de Timba, Jamund\u00ed. La Gobernadora destac\u00f3 este importante avance, resaltando que \u00abse logr\u00f3 la captura de cuatro personas, entre esas, alias &#8216;Picoro&#8217;, que es el responsable del reclutamiento de menores y desplazamiento de las redes de apoyo al terrorismo\u00bb. Este golpe, a\u00f1adi\u00f3, \u00abda tranquilidad a todo el \u00e1rea de Timba que ha sido afectado por disidencias\u00bb.<\/p>\n\n\n\n<figure class=\"wp-block-embed is-type-video is-provider-youtube wp-block-embed-youtube wp-embed-aspect-16-9 wp-has-aspect-ratio\"><div class=\"wp-block-embed__wrapper\">\n<iframe loading=\"lazy\" title=\"Capturado cabecilla del Frente \u2018Jaime Mart\u00ednez\u2019 en el marco de la \u2018Operaci\u00f3n Cauca\u2019.\" width=\"640\" height=\"360\" src=\"https:\/\/www.youtube.com\/embed\/A8PuGK1Udpc?feature=oembed\" frameborder=\"0\" allow=\"accelerometer; autoplay; clipboard-write; encrypted-media; gyroscope; picture-in-picture; web-share\" referrerpolicy=\"strict-origin-when-cross-origin\" allowfullscreen><\/iframe>\n<\/div><\/figure>\n\n\n\n<p>El Brigadier General Juan Rend\u00f3n P\u00e9rez, comandante de la Tercera Brigada del Ej\u00e9rcito Nacional, enfatiz\u00f3 la importancia de esta captura para el control de la zona, se\u00f1alando que \u00abes un resultado importante porque es ese corredor que manejan en Guachinte, Jamund\u00ed y en Robles para salir a Timba, Cauca, entonces es un resultado muy importante. Seguimos adelantando las operaciones, tenemos que llegar a generar la percepci\u00f3n de seguridad en Jamund\u00ed como lo ha querido la Gobernadora\u00bb.<\/p>\n\n\n\n<figure class=\"wp-block-image size-large\"><img loading=\"lazy\" decoding=\"async\" width=\"1024\" height=\"576\" src=\"https:\/\/cnctulua.tv\/wp-content\/uploads\/2024\/04\/WhatsApp-Image-2024-04-01-at-12.14.09-PM-1024x576.webp\" alt=\"\" class=\"wp-image-16926\" srcset=\"https:\/\/cnctulua.tv\/wp-content\/uploads\/2024\/04\/WhatsApp-Image-2024-04-01-at-12.14.09-PM-1024x576.webp 1024w, https:\/\/cnctulua.tv\/wp-content\/uploads\/2024\/04\/WhatsApp-Image-2024-04-01-at-12.14.09-PM-300x169.webp 300w, https:\/\/cnctulua.tv\/wp-content\/uploads\/2024\/04\/WhatsApp-Image-2024-04-01-at-12.14.09-PM-768x432.webp 768w, https:\/\/cnctulua.tv\/wp-content\/uploads\/2024\/04\/WhatsApp-Image-2024-04-01-at-12.14.09-PM-1536x864.webp 1536w, https:\/\/cnctulua.tv\/wp-content\/uploads\/2024\/04\/WhatsApp-Image-2024-04-01-at-12.14.09-PM-jpeg.webp 1600w\" sizes=\"auto, (max-width: 1024px) 100vw, 1024px\" \/><\/figure>\n\n\n\n<p>El Coronel Carlos Germ\u00e1n Oviedo, comandante de la Polic\u00eda Metropolitana, tambi\u00e9n destac\u00f3 la contundencia de las acciones emprendidas para garantizar la seguridad. En este sentido, mencion\u00f3 que \u00abson acciones contundentes con el fin de garantizar la seguridad. Durante esta Semana Santa, a trav\u00e9s de 29 diligencias de registro de allanamiento con Fiscal\u00eda, se desarticularon dos estructuras dedicadas al microtr\u00e1fico\u00bb.<\/p>\n","protected":false},"excerpt":{"rendered":"<p>En una reciente operaci\u00f3n denominada \u2018Operaci\u00f3n Cauca\u2019, las autoridades lograron la captura de alias &#8216;Picoro&#8217;, se\u00f1alado como cabecilla del Frente &#8216;Jaime Mart\u00ednez&#8217;, en el corregimiento de Timba, Jamund\u00ed. La Gobernadora destac\u00f3 este importante avance, resaltando que \u00abse logr\u00f3 la captura de cuatro personas, entre esas, alias &#8216;Picoro&#8217;, que es el responsable del reclutamiento de menores [&hellip;]<\/p>\n","protected":false},"author":3,"featured_media":16927,"comment_status":"open","ping_status":"open","sticky":false,"template":"","format":"video","meta":{"footnotes":""},"categories":[10],"tags":[],"class_list":["post-16925","post","type-post","status-publish","format-video","has-post-thumbnail","hentry","category-cnc-noticias-tulua","post_format-post-format-video"],"_links":{"self":[{"href":"https:\/\/cnctulua.tv\/index.php?rest_route=\/wp\/v2\/posts\/16925","targetHints":{"allow":["GET"]}}],"collection":[{"href":"https:\/\/cnctulua.tv\/index.php?rest_route=\/wp\/v2\/posts"}],"about":[{"href":"https:\/\/cnctulua.tv\/index.php?rest_route=\/wp\/v2\/types\/post"}],"author":[{"embeddable":true,"href":"https:\/\/cnctulua.tv\/index.php?rest_route=\/wp\/v2\/users\/3"}],"replies":[{"embeddable":true,"href":"https:\/\/cnctulua.tv\/index.php?rest_route=%2Fwp%2Fv2%2Fcomments&post=16925"}],"version-history":[{"count":1,"href":"https:\/\/cnctulua.tv\/index.php?rest_route=\/wp\/v2\/posts\/16925\/revisions"}],"predecessor-version":[{"id":16928,"href":"https:\/\/cnctulua.tv\/index.php?rest_route=\/wp\/v2\/posts\/16925\/revisions\/16928"}],"wp:featuredmedia":[{"embeddable":true,"href":"https:\/\/cnctulua.tv\/index.php?rest_route=\/wp\/v2\/media\/16927"}],"wp:attachment":[{"href":"https:\/\/cnctulua.tv\/index.php?rest_route=%2Fwp%2Fv2%2Fmedia&parent=16925"}],"wp:term":[{"taxonomy":"category","embeddable":true,"href":"https:\/\/cnctulua.tv\/index.php?rest_route=%2Fwp%2Fv2%2Fcategories&post=16925"},{"taxonomy":"post_tag","embeddable":true,"href":"https:\/\/cnctulua.tv\/index.php?rest_route=%2Fwp%2Fv2%2Ftags&post=16925"}],"curies":[{"name":"wp","href":"https:\/\/api.w.org\/{rel}","templated":true}]}}