{"id":16939,"date":"2024-04-02T17:42:38","date_gmt":"2024-04-02T17:42:38","guid":{"rendered":"https:\/\/cnctulua.tv\/?p=16939"},"modified":"2024-04-02T17:42:41","modified_gmt":"2024-04-02T17:42:41","slug":"restriccion-de-motocicletas-entre-las-1100-p-m-y-500-a-m-sera-aplicada-en-el-mes-de-abril-en-tulua","status":"publish","type":"post","link":"https:\/\/cnctulua.tv\/?p=16939","title":{"rendered":"RESTRICCI\u00d3N DE MOTOCICLETAS ENTRE LAS 11:00 P.M. Y 5:00 A.M. SER\u00c1 APLICADA EN EL MES DE ABRIL EN TULU\u00c1."},"content":{"rendered":"\n<p>El secretario de gobierno de Tulu\u00e1, Jos\u00e9 Mart\u00edn Hincapi\u00e9, despu\u00e9s del Consejo de Seguridad realizado en la ma\u00f1ana del lunes 1 de febrero, manifest\u00f3 que se continuar\u00e1 aplicando el Decreto N\u00b0 200.24.338 de restricci\u00f3n de movilidad de motocicletas entre las 11p.m. y las 5:00a.m. El decreto fue establecido hasta el 30 de abril de 2024.<\/p>\n\n\n\n<figure class=\"wp-block-embed is-type-video is-provider-youtube wp-block-embed-youtube wp-embed-aspect-16-9 wp-has-aspect-ratio\"><div class=\"wp-block-embed__wrapper\">\n<iframe loading=\"lazy\" title=\"Restricci\u00f3n de motos ser\u00e1 aplicada en el mes de abril de 11 p.m. a 5 a.m. en Tulu\u00e1.\" width=\"640\" height=\"360\" src=\"https:\/\/www.youtube.com\/embed\/GX7dq9yVpmo?feature=oembed\" frameborder=\"0\" allow=\"accelerometer; autoplay; clipboard-write; encrypted-media; gyroscope; picture-in-picture; web-share\" referrerpolicy=\"strict-origin-when-cross-origin\" allowfullscreen><\/iframe>\n<\/div><figcaption class=\"wp-element-caption\">El decreto prorroga la medida transitoria como implemento de seguridad y conservaci\u00f3n del orden p\u00fablico, integridad f\u00edsica, la vida de las personas y la convivencia ciudadana en el municipio de Tulu\u00e1.<br>\u00a0<\/figcaption><\/figure>\n","protected":false},"excerpt":{"rendered":"<p>El secretario de gobierno de Tulu\u00e1, Jos\u00e9 Mart\u00edn Hincapi\u00e9, despu\u00e9s del Consejo de Seguridad realizado en la ma\u00f1ana del lunes 1 de febrero, manifest\u00f3 que se continuar\u00e1 aplicando el Decreto N\u00b0 200.24.338 de restricci\u00f3n de movilidad de motocicletas entre las 11p.m. y las 5:00a.m. El decreto fue establecido hasta el 30 de abril de 2024.<\/p>\n","protected":false},"author":3,"featured_media":16940,"comment_status":"open","ping_status":"open","sticky":false,"template":"","format":"video","meta":{"footnotes":""},"categories":[10],"tags":[],"class_list":["post-16939","post","type-post","status-publish","format-video","has-post-thumbnail","hentry","category-cnc-noticias-tulua","post_format-post-format-video"],"_links":{"self":[{"href":"https:\/\/cnctulua.tv\/index.php?rest_route=\/wp\/v2\/posts\/16939","targetHints":{"allow":["GET"]}}],"collection":[{"href":"https:\/\/cnctulua.tv\/index.php?rest_route=\/wp\/v2\/posts"}],"about":[{"href":"https:\/\/cnctulua.tv\/index.php?rest_route=\/wp\/v2\/types\/post"}],"author":[{"embeddable":true,"href":"https:\/\/cnctulua.tv\/index.php?rest_route=\/wp\/v2\/users\/3"}],"replies":[{"embeddable":true,"href":"https:\/\/cnctulua.tv\/index.php?rest_route=%2Fwp%2Fv2%2Fcomments&post=16939"}],"version-history":[{"count":1,"href":"https:\/\/cnctulua.tv\/index.php?rest_route=\/wp\/v2\/posts\/16939\/revisions"}],"predecessor-version":[{"id":16941,"href":"https:\/\/cnctulua.tv\/index.php?rest_route=\/wp\/v2\/posts\/16939\/revisions\/16941"}],"wp:featuredmedia":[{"embeddable":true,"href":"https:\/\/cnctulua.tv\/index.php?rest_route=\/wp\/v2\/media\/16940"}],"wp:attachment":[{"href":"https:\/\/cnctulua.tv\/index.php?rest_route=%2Fwp%2Fv2%2Fmedia&parent=16939"}],"wp:term":[{"taxonomy":"category","embeddable":true,"href":"https:\/\/cnctulua.tv\/index.php?rest_route=%2Fwp%2Fv2%2Fcategories&post=16939"},{"taxonomy":"post_tag","embeddable":true,"href":"https:\/\/cnctulua.tv\/index.php?rest_route=%2Fwp%2Fv2%2Ftags&post=16939"}],"curies":[{"name":"wp","href":"https:\/\/api.w.org\/{rel}","templated":true}]}}