{"id":16958,"date":"2024-04-02T18:45:28","date_gmt":"2024-04-02T18:45:28","guid":{"rendered":"https:\/\/cnctulua.tv\/?p=16958"},"modified":"2024-04-02T18:45:31","modified_gmt":"2024-04-02T18:45:31","slug":"incorporacion-a-la-armada-de-colombia-se-realizara-en-el-municipio-de-tulua-el-30-de-abril-del-2024","status":"publish","type":"post","link":"https:\/\/cnctulua.tv\/?p=16958","title":{"rendered":"INCORPORACI\u00d3N A LA ARMADA DE COLOMBIA SE REALIZAR\u00c1 EN EL MUNICIPIO DE TULU\u00c1 EL 30 DE ABRIL DEL 2024."},"content":{"rendered":"\n<p>El Teniente de Nav\u00edo R\u00f3mulo Medina, Comandante Distrito de incorporaci\u00f3n N\u00b0 06, Cali Valle del Cauca, extiende la invitaci\u00f3n para pertenecer al programa del servicio militar de incorporaciones para hombres entre 18 y 23 a\u00f1os que est\u00e9n interesados en pertenecer a la Armada de Colombia.<\/p>\n\n\n\n<p>El llamado a los j\u00f3venes tulue\u00f1os o de municipios cercanos es para este pr\u00f3ximo 30 de abril en el municipio de Tulu\u00e1, en el coliseo Manuel Victoria Rojas, habr\u00e1 un incorporador de la escuela para realizar la convocatoria a partir de las 8 de la ma\u00f1ana.<\/p>\n\n\n\n<figure class=\"wp-block-embed is-type-video is-provider-youtube wp-block-embed-youtube wp-embed-aspect-16-9 wp-has-aspect-ratio\"><div class=\"wp-block-embed__wrapper\">\n<iframe loading=\"lazy\" title=\"\u00bfQuiere pertenecer a la armada Nacional? Inscr\u00edbase comunic\u00e1ndose a la l\u00ednea 3158475794.\" width=\"640\" height=\"360\" src=\"https:\/\/www.youtube.com\/embed\/X-dxwfhVxic?feature=oembed\" frameborder=\"0\" allow=\"accelerometer; autoplay; clipboard-write; encrypted-media; gyroscope; picture-in-picture; web-share\" referrerpolicy=\"strict-origin-when-cross-origin\" allowfullscreen><\/iframe>\n<\/div><\/figure>\n\n\n\n<p>La inscripci\u00f3n debe estar previamente establecida Ese d\u00eda se desplazar\u00edan a la ciudad de Cali para comenzar con el proceso de incorporaci\u00f3n y lo concerniente a la concentraci\u00f3n de servicio militar, los ex\u00e1menes a nivel psicof\u00edsico para determinar la aptitud y si es apto, ser\u00eda trasladado a la ciudad de Cove\u00f1as.<\/p>\n\n\n\n<p>Quienes est\u00e9n interesados en obtener alguna informaci\u00f3n relacionada con la incorporaci\u00f3n que es totalmente gratuita, sin necesidad de ning\u00fan tramitador, puede contactarse a la l\u00ednea 3158475794, en este n\u00famero se podr\u00e1n contestar todos los interrogantes que se tengan al respecto.<\/p>\n\n\n\n<p>Los beneficios a los incorporados son varios, en primera instancia, es una gran oportunidad de estudio y de resolver la situaci\u00f3n militar. Adem\u00e1s, los prestadores de servicio durante un a\u00f1o obtendr\u00e1n beneficios econ\u00f3micos.<\/p>\n\n\n\n<figure class=\"wp-block-image size-full is-resized\"><img loading=\"lazy\" decoding=\"async\" width=\"1619\" height=\"1080\" src=\"https:\/\/cnctulua.tv\/wp-content\/uploads\/2024\/04\/AAAA-scaled.webp\" alt=\"\" class=\"wp-image-16960\" style=\"width:838px;height:auto\" srcset=\"https:\/\/cnctulua.tv\/wp-content\/uploads\/2024\/04\/AAAA-scaled.webp 1619w, https:\/\/cnctulua.tv\/wp-content\/uploads\/2024\/04\/AAAA-300x200.webp 300w, https:\/\/cnctulua.tv\/wp-content\/uploads\/2024\/04\/AAAA-1024x683.webp 1024w, https:\/\/cnctulua.tv\/wp-content\/uploads\/2024\/04\/AAAA-768x512.webp 768w, https:\/\/cnctulua.tv\/wp-content\/uploads\/2024\/04\/AAAA-1536x1025.webp 1536w, https:\/\/cnctulua.tv\/wp-content\/uploads\/2024\/04\/AAAA-2048x1366.webp 2048w\" sizes=\"auto, (max-width: 1619px) 100vw, 1619px\" \/><\/figure>\n","protected":false},"excerpt":{"rendered":"<p>El Teniente de Nav\u00edo R\u00f3mulo Medina, Comandante Distrito de incorporaci\u00f3n N\u00b0 06, Cali Valle del Cauca, extiende la invitaci\u00f3n para pertenecer al programa del servicio militar de incorporaciones para hombres entre 18 y 23 a\u00f1os que est\u00e9n interesados en pertenecer a la Armada de Colombia. El llamado a los j\u00f3venes tulue\u00f1os o de municipios cercanos [&hellip;]<\/p>\n","protected":false},"author":3,"featured_media":16961,"comment_status":"open","ping_status":"open","sticky":false,"template":"","format":"video","meta":{"footnotes":""},"categories":[10],"tags":[],"class_list":["post-16958","post","type-post","status-publish","format-video","has-post-thumbnail","hentry","category-cnc-noticias-tulua","post_format-post-format-video"],"_links":{"self":[{"href":"https:\/\/cnctulua.tv\/index.php?rest_route=\/wp\/v2\/posts\/16958","targetHints":{"allow":["GET"]}}],"collection":[{"href":"https:\/\/cnctulua.tv\/index.php?rest_route=\/wp\/v2\/posts"}],"about":[{"href":"https:\/\/cnctulua.tv\/index.php?rest_route=\/wp\/v2\/types\/post"}],"author":[{"embeddable":true,"href":"https:\/\/cnctulua.tv\/index.php?rest_route=\/wp\/v2\/users\/3"}],"replies":[{"embeddable":true,"href":"https:\/\/cnctulua.tv\/index.php?rest_route=%2Fwp%2Fv2%2Fcomments&post=16958"}],"version-history":[{"count":1,"href":"https:\/\/cnctulua.tv\/index.php?rest_route=\/wp\/v2\/posts\/16958\/revisions"}],"predecessor-version":[{"id":16962,"href":"https:\/\/cnctulua.tv\/index.php?rest_route=\/wp\/v2\/posts\/16958\/revisions\/16962"}],"wp:featuredmedia":[{"embeddable":true,"href":"https:\/\/cnctulua.tv\/index.php?rest_route=\/wp\/v2\/media\/16961"}],"wp:attachment":[{"href":"https:\/\/cnctulua.tv\/index.php?rest_route=%2Fwp%2Fv2%2Fmedia&parent=16958"}],"wp:term":[{"taxonomy":"category","embeddable":true,"href":"https:\/\/cnctulua.tv\/index.php?rest_route=%2Fwp%2Fv2%2Fcategories&post=16958"},{"taxonomy":"post_tag","embeddable":true,"href":"https:\/\/cnctulua.tv\/index.php?rest_route=%2Fwp%2Fv2%2Ftags&post=16958"}],"curies":[{"name":"wp","href":"https:\/\/api.w.org\/{rel}","templated":true}]}}