{"id":16979,"date":"2024-04-02T20:51:19","date_gmt":"2024-04-02T20:51:19","guid":{"rendered":"https:\/\/cnctulua.tv\/?p=16979"},"modified":"2024-04-02T20:51:23","modified_gmt":"2024-04-02T20:51:23","slug":"el-medico-felipe-jose-tinoco-zapata-ratificado-como-gerente-del-hospital-tomas-uribe-uribe-de-tulua","status":"publish","type":"post","link":"https:\/\/cnctulua.tv\/?p=16979","title":{"rendered":"EL M\u00c9DICO FELIPE JOS\u00c9 TINOCO ZAPATA RATIFICADO COMO GERENTE DEL HOSPITAL TOM\u00c1S URIBE URIBE DE TULU\u00c1."},"content":{"rendered":"\n<p>En un acto que reafirma el compromiso con la salud p\u00fablica del departamento, Felipe Jos\u00e9 Tinoco Zapata fue ratificado en su cargo como Gerente del Hospital Departamental Tom\u00e1s Uribe Uribe de Tulu\u00e1. En un discurso cargado de determinaci\u00f3n y visi\u00f3n, Tinoco Zapata expres\u00f3: \u00abEs un honor grand\u00edsimo, un reto inmenso que hemos venido cumpliendo en periodos anteriores y que esperamos concretar en este nuevo periodo. Son periodos de 4 a\u00f1os. En esos periodos se forja un plan de desarrollo, hemos cumplido\u00bb.<\/p>\n\n\n\n<figure class=\"wp-block-embed is-type-video is-provider-youtube wp-block-embed-youtube wp-embed-aspect-16-9 wp-has-aspect-ratio\"><div class=\"wp-block-embed__wrapper\">\n<iframe loading=\"lazy\" title=\"Gobernadora ratific\u00f3 al M\u00e9dico Felipe Jos\u00e9 Tinoco en la gerencia del H.D.T.U.U. de Tulu\u00e1.\" width=\"640\" height=\"360\" src=\"https:\/\/www.youtube.com\/embed\/w-0uGdVOxZM?feature=oembed\" frameborder=\"0\" allow=\"accelerometer; autoplay; clipboard-write; encrypted-media; gyroscope; picture-in-picture; web-share\" referrerpolicy=\"strict-origin-when-cross-origin\" allowfullscreen><\/iframe>\n<\/div><\/figure>\n\n\n\n<p>El Gerente destac\u00f3 los avances realizados durante su gesti\u00f3n anterior, subrayando el compromiso con la calidad y la excelencia en la prestaci\u00f3n de servicios de salud en la regi\u00f3n. \u00abEn b\u00fasqueda de la excelencia, el hospital avanz\u00f3 por la senda de la calidad que ya estamos siendo reconocidos en el cumplimiento de las normas. ISO, la 9000, la 14000 a 45000 las normas ambientales. Y, por \u00faltimo, la acreditaci\u00f3n en salud, lo que nos pone a La Vanguardia\u00bb, agreg\u00f3 Tinoco Zapata.<\/p>\n\n\n\n<p>Asimismo, hizo hincapi\u00e9 en los desaf\u00edos futuros, incluida la constituci\u00f3n del nuevo hospital. \u00abEs algo que la se\u00f1ora gobernadora ha asumido tambi\u00e9n como parte de su programa de gobierno y que esperamos que al final de este a\u00f1o, pues sea, empiece a hacerse una realidad de este hecho que nos llevar\u00eda a AAA ser un hito en el centro y norte del Valle, en la prestaci\u00f3n de servicios\u00bb, afirm\u00f3.<\/p>\n\n\n\n<p>Tinoco Zapata reconoci\u00f3 el arduo trabajo del equipo del Hospital Tom\u00e1s Uribe durante la pandemia, as\u00ed como su valent\u00eda y dedicaci\u00f3n. \u00abYo pienso que el gran mensaje, esto es que hacer el trabajo como debe ser paga, vale? Yo creo que esto es un reconocimiento a este gran equipo del Tom\u00e1s Uribe, a su valent\u00eda, a su posici\u00f3n durante la \u00e9poca de la pandemia\u00bb, expres\u00f3.<\/p>\n\n\n\n<figure class=\"wp-block-image size-full\"><img loading=\"lazy\" decoding=\"async\" width=\"987\" height=\"633\" src=\"https:\/\/cnctulua.tv\/wp-content\/uploads\/2024\/04\/22.png\" alt=\"\" class=\"wp-image-16980\" srcset=\"https:\/\/cnctulua.tv\/wp-content\/uploads\/2024\/04\/22.png 987w, https:\/\/cnctulua.tv\/wp-content\/uploads\/2024\/04\/22-300x192.png 300w, https:\/\/cnctulua.tv\/wp-content\/uploads\/2024\/04\/22-768x493.png 768w\" sizes=\"auto, (max-width: 987px) 100vw, 987px\" \/><\/figure>\n\n\n\n<p>La ratificaci\u00f3n de Tinoco Zapata como Gerente del Hospital Departamental Tom\u00e1s Uribe Uribe de Tulu\u00e1 marca un hito en el compromiso continuo por ofrecer servicios de salud de calidad y oportunidad a los ciudadanos del Valle del Cauca. Su liderazgo y visi\u00f3n apuntan hacia un futuro prometedor para la salud p\u00fablica en la regi\u00f3n.<\/p>\n","protected":false},"excerpt":{"rendered":"<p>En un acto que reafirma el compromiso con la salud p\u00fablica del departamento, Felipe Jos\u00e9 Tinoco Zapata fue ratificado en su cargo como Gerente del Hospital Departamental Tom\u00e1s Uribe Uribe de Tulu\u00e1. En un discurso cargado de determinaci\u00f3n y visi\u00f3n, Tinoco Zapata expres\u00f3: \u00abEs un honor grand\u00edsimo, un reto inmenso que hemos venido cumpliendo en [&hellip;]<\/p>\n","protected":false},"author":3,"featured_media":16981,"comment_status":"open","ping_status":"open","sticky":false,"template":"","format":"video","meta":{"footnotes":""},"categories":[10],"tags":[],"class_list":["post-16979","post","type-post","status-publish","format-video","has-post-thumbnail","hentry","category-cnc-noticias-tulua","post_format-post-format-video"],"_links":{"self":[{"href":"https:\/\/cnctulua.tv\/index.php?rest_route=\/wp\/v2\/posts\/16979","targetHints":{"allow":["GET"]}}],"collection":[{"href":"https:\/\/cnctulua.tv\/index.php?rest_route=\/wp\/v2\/posts"}],"about":[{"href":"https:\/\/cnctulua.tv\/index.php?rest_route=\/wp\/v2\/types\/post"}],"author":[{"embeddable":true,"href":"https:\/\/cnctulua.tv\/index.php?rest_route=\/wp\/v2\/users\/3"}],"replies":[{"embeddable":true,"href":"https:\/\/cnctulua.tv\/index.php?rest_route=%2Fwp%2Fv2%2Fcomments&post=16979"}],"version-history":[{"count":1,"href":"https:\/\/cnctulua.tv\/index.php?rest_route=\/wp\/v2\/posts\/16979\/revisions"}],"predecessor-version":[{"id":16982,"href":"https:\/\/cnctulua.tv\/index.php?rest_route=\/wp\/v2\/posts\/16979\/revisions\/16982"}],"wp:featuredmedia":[{"embeddable":true,"href":"https:\/\/cnctulua.tv\/index.php?rest_route=\/wp\/v2\/media\/16981"}],"wp:attachment":[{"href":"https:\/\/cnctulua.tv\/index.php?rest_route=%2Fwp%2Fv2%2Fmedia&parent=16979"}],"wp:term":[{"taxonomy":"category","embeddable":true,"href":"https:\/\/cnctulua.tv\/index.php?rest_route=%2Fwp%2Fv2%2Fcategories&post=16979"},{"taxonomy":"post_tag","embeddable":true,"href":"https:\/\/cnctulua.tv\/index.php?rest_route=%2Fwp%2Fv2%2Ftags&post=16979"}],"curies":[{"name":"wp","href":"https:\/\/api.w.org\/{rel}","templated":true}]}}