{"id":16999,"date":"2024-04-02T21:40:18","date_gmt":"2024-04-02T21:40:18","guid":{"rendered":"https:\/\/cnctulua.tv\/?p=16999"},"modified":"2024-04-02T21:40:21","modified_gmt":"2024-04-02T21:40:21","slug":"los-grupos-al-margen-de-la-ley-no-tienen-derechos-los-tienen-los-ciudadanos-gobernadora-del-valle-frente-a-surgimiento-de-disidencia","status":"publish","type":"post","link":"https:\/\/cnctulua.tv\/?p=16999","title":{"rendered":"\u00abLOS GRUPOS AL MARGEN DE LA LEY NO TIENEN DERECHOS, LOS TIENEN LOS CIUDADANOS\u00bb: GOBERNADORA DEL VALLE FRENTE A SURGIMIENTO DE DISIDENCIA."},"content":{"rendered":"\n<p>La mandataria expres\u00f3 su preocupaci\u00f3n tras el anuncio del Alto Comisionado de Paz sobre el surgimiento de una nueva estructura armada denominada \u2018Comandante Isa\u00edas Pardo\u2019, conformada por antiguos combatientes de las Farc. Aunque a\u00fan no se ha confirmado su presencia en el departamento, la gobernadora plante\u00f3 la exigencia de medidas en un pr\u00f3ximo Consejo de Seguridad que se llevar\u00e1 a cabo este mi\u00e9rcoles en Planadas, Tolima.<\/p>\n\n\n\n<p>\u00abSer\u00e1 un consejo con el Presidente de la Rep\u00fablica, donde estar\u00e1n presentes el Gobernador del Cauca, la Gobernadora de Tolima y nosotros como Valle del Cauca, los tres departamentos m\u00e1s afectados. La idea es trabajar en conjunto, permitiendo que el Ej\u00e9rcito opere en los tres departamentos para evitar su crecimiento y erradicar este grupo armado que representa una amenaza\u00bb, coment\u00f3 la mandataria.<\/p>\n\n\n\n<figure class=\"wp-block-embed is-type-video is-provider-youtube wp-block-embed-youtube wp-embed-aspect-16-9 wp-has-aspect-ratio\"><div class=\"wp-block-embed__wrapper\">\n<iframe loading=\"lazy\" title=\"Alerta en el Valle del Cauca por nueva disidencia al margen de la ley.\" width=\"640\" height=\"360\" src=\"https:\/\/www.youtube.com\/embed\/k5_PqdGJYoU?feature=oembed\" frameborder=\"0\" allow=\"accelerometer; autoplay; clipboard-write; encrypted-media; gyroscope; picture-in-picture; web-share\" referrerpolicy=\"strict-origin-when-cross-origin\" allowfullscreen><\/iframe>\n<\/div><\/figure>\n\n\n\n<p>Toro subray\u00f3 la importancia de priorizar la seguridad ciudadana, se\u00f1alando que \u00absi es un grupo alzado en armas, no podemos pensar que tenga derechos; debemos defender los derechos de nosotros, de los ciudadanos\u00bb.<\/p>\n\n\n\n<p>Asimismo, la Gobernadora reiter\u00f3 su compromiso con el trabajo conjunto entre las autoridades y la fuerza p\u00fablica para garantizar la tranquilidad de los ciudadanos. \u00abEl Frente 57, de la \u2018Ad\u00e1n Izquierdo\u2019, as\u00ed como otros grupos armados, est\u00e1n siendo combatidos activamente. Trabajamos en Consejos de Seguridad, con el Ej\u00e9rcito, la Polic\u00eda y la sociedad civil, solicitando su colaboraci\u00f3n para brindar informaci\u00f3n y derrotar con contundencia la delincuencia\u00bb.<\/p>\n\n\n\n<p>Finalmente, la mandataria hizo un llamado a revisar el proceso de paz. \u00abCuando se realiza un proceso de paz, debe ser para garantizar seguridad y tranquilidad a los ciudadanos. Si no cumple con ese prop\u00f3sito, es necesario revisarlo a fondo\u00bb.<\/p>\n","protected":false},"excerpt":{"rendered":"<p>La mandataria expres\u00f3 su preocupaci\u00f3n tras el anuncio del Alto Comisionado de Paz sobre el surgimiento de una nueva estructura armada denominada \u2018Comandante Isa\u00edas Pardo\u2019, conformada por antiguos combatientes de las Farc. Aunque a\u00fan no se ha confirmado su presencia en el departamento, la gobernadora plante\u00f3 la exigencia de medidas en un pr\u00f3ximo Consejo de [&hellip;]<\/p>\n","protected":false},"author":3,"featured_media":17000,"comment_status":"open","ping_status":"open","sticky":false,"template":"","format":"video","meta":{"footnotes":""},"categories":[10],"tags":[],"class_list":["post-16999","post","type-post","status-publish","format-video","has-post-thumbnail","hentry","category-cnc-noticias-tulua","post_format-post-format-video"],"_links":{"self":[{"href":"https:\/\/cnctulua.tv\/index.php?rest_route=\/wp\/v2\/posts\/16999","targetHints":{"allow":["GET"]}}],"collection":[{"href":"https:\/\/cnctulua.tv\/index.php?rest_route=\/wp\/v2\/posts"}],"about":[{"href":"https:\/\/cnctulua.tv\/index.php?rest_route=\/wp\/v2\/types\/post"}],"author":[{"embeddable":true,"href":"https:\/\/cnctulua.tv\/index.php?rest_route=\/wp\/v2\/users\/3"}],"replies":[{"embeddable":true,"href":"https:\/\/cnctulua.tv\/index.php?rest_route=%2Fwp%2Fv2%2Fcomments&post=16999"}],"version-history":[{"count":1,"href":"https:\/\/cnctulua.tv\/index.php?rest_route=\/wp\/v2\/posts\/16999\/revisions"}],"predecessor-version":[{"id":17002,"href":"https:\/\/cnctulua.tv\/index.php?rest_route=\/wp\/v2\/posts\/16999\/revisions\/17002"}],"wp:featuredmedia":[{"embeddable":true,"href":"https:\/\/cnctulua.tv\/index.php?rest_route=\/wp\/v2\/media\/17000"}],"wp:attachment":[{"href":"https:\/\/cnctulua.tv\/index.php?rest_route=%2Fwp%2Fv2%2Fmedia&parent=16999"}],"wp:term":[{"taxonomy":"category","embeddable":true,"href":"https:\/\/cnctulua.tv\/index.php?rest_route=%2Fwp%2Fv2%2Fcategories&post=16999"},{"taxonomy":"post_tag","embeddable":true,"href":"https:\/\/cnctulua.tv\/index.php?rest_route=%2Fwp%2Fv2%2Ftags&post=16999"}],"curies":[{"name":"wp","href":"https:\/\/api.w.org\/{rel}","templated":true}]}}