{"id":17020,"date":"2024-04-03T17:41:00","date_gmt":"2024-04-03T17:41:00","guid":{"rendered":"https:\/\/cnctulua.tv\/?p=17020"},"modified":"2024-04-03T17:43:03","modified_gmt":"2024-04-03T17:43:03","slug":"lanzamiento-del-programa-de-proteccion-y-bienestar-animal-en-el-valle-del-cauca","status":"publish","type":"post","link":"https:\/\/cnctulua.tv\/?p=17020","title":{"rendered":"LANZAMIENTO DEL PROGRAMA DE PROTECCI\u00d3N Y BIENESTAR ANIMAL EN EL VALLE DEL CAUCA."},"content":{"rendered":"\n<p>En un paso trascendental hacia el cuidado y la protecci\u00f3n de los seres sintientes, el Valle del Cauca se prepara para el lanzamiento del tan esperado programa de Protecci\u00f3n y Bienestar Animal. Esta iniciativa, enmarcada dentro del Plan de Desarrollo, promete revolucionar la manera en que se aborda la relaci\u00f3n entre humanos y animales en los 42 municipios del departamento.<\/p>\n\n\n\n<figure class=\"wp-block-embed is-type-video is-provider-youtube wp-block-embed-youtube wp-embed-aspect-16-9 wp-has-aspect-ratio\"><div class=\"wp-block-embed__wrapper\">\n<iframe loading=\"lazy\" title=\"Valle del Cauca: \u00a1Compromiso Total con el Bienestar Animal!\" width=\"640\" height=\"360\" src=\"https:\/\/www.youtube.com\/embed\/YLeMtXRS-No?feature=oembed\" frameborder=\"0\" allow=\"accelerometer; autoplay; clipboard-write; encrypted-media; gyroscope; picture-in-picture; web-share\" referrerpolicy=\"strict-origin-when-cross-origin\" allowfullscreen><\/iframe>\n<\/div><\/figure>\n\n\n\n<p>\u00abLa gobernadora Dilian Francisca Toro y el secretario de Ambiente Oswaldo Arcos, invitan a que hagan parte de este programa y extienden esta convocatoria a fundaciones, rescatistas y animalistas de Cali y el Valle, para que conozcan de los proyectos y beneficios que vamos a tener en favor de nuestros animales\u00bb, destac\u00f3 Lizeth Parra, subdirectora t\u00e9cnica del apoyo a la gesti\u00f3n de la secretar\u00eda de Ambiente y Desarrollo Sostenible.<\/p>\n\n\n\n<p>El respaldo institucional se hace evidente con la participaci\u00f3n de la Fiscal\u00eda y la Polic\u00eda, quienes estar\u00e1n presentes como aliados clave en la implementaci\u00f3n de la Ruta de Protecci\u00f3n y Bienestar Animal.<\/p>\n\n\n\n<figure class=\"wp-block-image size-large is-resized\"><img loading=\"lazy\" decoding=\"async\" width=\"581\" height=\"1024\" src=\"https:\/\/cnctulua.tv\/wp-content\/uploads\/2024\/04\/WhatsApp-Image-2024-04-03-at-12.33.08-PM-581x1024.webp\" alt=\"\" class=\"wp-image-17022\" style=\"width:832px;height:auto\" srcset=\"https:\/\/cnctulua.tv\/wp-content\/uploads\/2024\/04\/WhatsApp-Image-2024-04-03-at-12.33.08-PM-581x1024.webp 581w, https:\/\/cnctulua.tv\/wp-content\/uploads\/2024\/04\/WhatsApp-Image-2024-04-03-at-12.33.08-PM-170x300.webp 170w, https:\/\/cnctulua.tv\/wp-content\/uploads\/2024\/04\/WhatsApp-Image-2024-04-03-at-12.33.08-PM-jpg.webp 720w\" sizes=\"auto, (max-width: 581px) 100vw, 581px\" \/><\/figure>\n\n\n\n<p>\u00abVamos a entregarles un chaleco e identificar a los protectores de bienestar animal. En este mismo espacio anunciaremos el lanzamiento del quir\u00f3fano m\u00f3vil, el cual empezar\u00e1 a funcionar con mil esterilizaciones anuales en todo el departamento, donde tambi\u00e9n tendremos jornadas de vitaminizaci\u00f3n, desparasitaci\u00f3n y pedagog\u00eda de tenencia responsable, como parte del desarrollo de un programa integral\u00bb, explic\u00f3 el secretario de Ambiente y Desarrollo Sostenible, Oswaldo Arcos.<\/p>\n\n\n\n<figure class=\"wp-block-image size-large is-resized\"><img loading=\"lazy\" decoding=\"async\" width=\"461\" height=\"1024\" src=\"https:\/\/cnctulua.tv\/wp-content\/uploads\/2024\/04\/WhatsApp-Image-2024-04-03-at-12.38.31-PM-461x1024.webp\" alt=\"\" class=\"wp-image-17023\" style=\"width:840px;height:auto\" srcset=\"https:\/\/cnctulua.tv\/wp-content\/uploads\/2024\/04\/WhatsApp-Image-2024-04-03-at-12.38.31-PM-461x1024.webp 461w, https:\/\/cnctulua.tv\/wp-content\/uploads\/2024\/04\/WhatsApp-Image-2024-04-03-at-12.38.31-PM-135x300.webp 135w, https:\/\/cnctulua.tv\/wp-content\/uploads\/2024\/04\/WhatsApp-Image-2024-04-03-at-12.38.31-PM-691x1536.webp 691w, https:\/\/cnctulua.tv\/wp-content\/uploads\/2024\/04\/WhatsApp-Image-2024-04-03-at-12.38.31-PM-jpg.webp 720w\" sizes=\"auto, (max-width: 461px) 100vw, 461px\" \/><\/figure>\n\n\n\n<p>La fecha clave para este acontecimiento es el jueves 4 de abril, a las 11:00 a.m., en el prestigioso Teatro Bol\u00edvar. Este evento ser\u00e1 una verdadera muestra del compromiso del Valle del Cauca con el bienestar animal, evidenciando que estos seres son una parte integral y digna de protecci\u00f3n en el Plan de Desarrollo Departamental liderado por la gobernadora Dilian Francisca Toro.<\/p>\n\n\n\n<figure class=\"wp-block-image size-large\"><img loading=\"lazy\" decoding=\"async\" width=\"1024\" height=\"640\" src=\"https:\/\/cnctulua.tv\/wp-content\/uploads\/2024\/04\/perros-callejeros-CUARTOSCURO-1024x640.webp\" alt=\"\" class=\"wp-image-17024\" srcset=\"https:\/\/cnctulua.tv\/wp-content\/uploads\/2024\/04\/perros-callejeros-CUARTOSCURO-1024x640.webp 1024w, https:\/\/cnctulua.tv\/wp-content\/uploads\/2024\/04\/perros-callejeros-CUARTOSCURO-300x187.webp 300w, https:\/\/cnctulua.tv\/wp-content\/uploads\/2024\/04\/perros-callejeros-CUARTOSCURO-768x480.webp 768w, https:\/\/cnctulua.tv\/wp-content\/uploads\/2024\/04\/perros-callejeros-CUARTOSCURO-jpg.webp 1140w\" sizes=\"auto, (max-width: 1024px) 100vw, 1024px\" \/><\/figure>\n","protected":false},"excerpt":{"rendered":"<p>En un paso trascendental hacia el cuidado y la protecci\u00f3n de los seres sintientes, el Valle del Cauca se prepara para el lanzamiento del tan esperado programa de Protecci\u00f3n y Bienestar Animal. Esta iniciativa, enmarcada dentro del Plan de Desarrollo, promete revolucionar la manera en que se aborda la relaci\u00f3n entre humanos y animales en [&hellip;]<\/p>\n","protected":false},"author":3,"featured_media":17021,"comment_status":"open","ping_status":"open","sticky":false,"template":"","format":"video","meta":{"footnotes":""},"categories":[10],"tags":[],"class_list":["post-17020","post","type-post","status-publish","format-video","has-post-thumbnail","hentry","category-cnc-noticias-tulua","post_format-post-format-video"],"_links":{"self":[{"href":"https:\/\/cnctulua.tv\/index.php?rest_route=\/wp\/v2\/posts\/17020","targetHints":{"allow":["GET"]}}],"collection":[{"href":"https:\/\/cnctulua.tv\/index.php?rest_route=\/wp\/v2\/posts"}],"about":[{"href":"https:\/\/cnctulua.tv\/index.php?rest_route=\/wp\/v2\/types\/post"}],"author":[{"embeddable":true,"href":"https:\/\/cnctulua.tv\/index.php?rest_route=\/wp\/v2\/users\/3"}],"replies":[{"embeddable":true,"href":"https:\/\/cnctulua.tv\/index.php?rest_route=%2Fwp%2Fv2%2Fcomments&post=17020"}],"version-history":[{"count":2,"href":"https:\/\/cnctulua.tv\/index.php?rest_route=\/wp\/v2\/posts\/17020\/revisions"}],"predecessor-version":[{"id":17027,"href":"https:\/\/cnctulua.tv\/index.php?rest_route=\/wp\/v2\/posts\/17020\/revisions\/17027"}],"wp:featuredmedia":[{"embeddable":true,"href":"https:\/\/cnctulua.tv\/index.php?rest_route=\/wp\/v2\/media\/17021"}],"wp:attachment":[{"href":"https:\/\/cnctulua.tv\/index.php?rest_route=%2Fwp%2Fv2%2Fmedia&parent=17020"}],"wp:term":[{"taxonomy":"category","embeddable":true,"href":"https:\/\/cnctulua.tv\/index.php?rest_route=%2Fwp%2Fv2%2Fcategories&post=17020"},{"taxonomy":"post_tag","embeddable":true,"href":"https:\/\/cnctulua.tv\/index.php?rest_route=%2Fwp%2Fv2%2Ftags&post=17020"}],"curies":[{"name":"wp","href":"https:\/\/api.w.org\/{rel}","templated":true}]}}