{"id":17033,"date":"2024-04-03T18:15:37","date_gmt":"2024-04-03T18:15:37","guid":{"rendered":"https:\/\/cnctulua.tv\/?p=17033"},"modified":"2024-04-03T18:15:41","modified_gmt":"2024-04-03T18:15:41","slug":"dos-muertos-en-incidentes-de-violencia-armada-en-el-valle-del-cuaca-durante-el-fin-de-semana","status":"publish","type":"post","link":"https:\/\/cnctulua.tv\/?p=17033","title":{"rendered":"DOS MUERTOS EN INCIDENTES DE VIOLENCIA ARMADA en el Valle del Cuaca durante el fin de semana."},"content":{"rendered":"\n<p>En una serie de sucesos que han dejado consternadas a las comunidades de Pradera y Florida, dos cr\u00edmenes han sacudido la tranquilidad de estas localidades en los \u00faltimos d\u00edas.<\/p>\n\n\n\n<p>En el primer incidente, ocurrido en el barrio Prados de la Colina en Pradera, el cuerpo de Jos\u00e9 Antonio Espitia Amador, de 58 a\u00f1os, fue encontrado por el equipo de la SIJIN tras recibir m\u00faltiples heridas de bala. Seg\u00fan fuentes extraoficiales, Espitia Amador, residente de la zona, fue atacado por individuos no identificados que le propinaron los mortales disparos.<\/p>\n\n\n\n<figure class=\"wp-block-embed is-type-video is-provider-youtube wp-block-embed-youtube wp-embed-aspect-16-9 wp-has-aspect-ratio\"><div class=\"wp-block-embed__wrapper\">\n<iframe loading=\"lazy\" title=\"La violencia armada cobra nuevas v\u00edctimas en distintos puntos de la regi\u00f3n.\" width=\"640\" height=\"360\" src=\"https:\/\/www.youtube.com\/embed\/oitYQtpcV0c?feature=oembed\" frameborder=\"0\" allow=\"accelerometer; autoplay; clipboard-write; encrypted-media; gyroscope; picture-in-picture; web-share\" referrerpolicy=\"strict-origin-when-cross-origin\" allowfullscreen><\/iframe>\n<\/div><\/figure>\n\n\n\n<p>El segundo hecho tuvo lugar en la zona rural de Florida, donde Deiby Alexander Duque Valdez, de 21 a\u00f1os, fue la v\u00edctima. El cuerpo t\u00e9cnico de investigaci\u00f3n CTI acudi\u00f3 al lugar para realizar la inspecci\u00f3n t\u00e9cnica del cuerpo de Duque Valdez, quien tambi\u00e9n presentaba varias heridas de bala. Informes preliminares sugieren que se trata de un ajuste de cuentas como posible m\u00f3vil del crimen, y la comunidad local ha proporcionado detalles cruciales, indicando que dos individuos a bordo de una motocicleta blanca perpetraron el ataque sin mediar palabra alguna.<\/p>\n\n\n\n<p>Ambos casos est\u00e1n siendo investigados minuciosamente por las autoridades competentes, en un esfuerzo por esclarecer los motivos y dar con los responsables de estos lamentables actos de violencia.<\/p>\n","protected":false},"excerpt":{"rendered":"<p>En una serie de sucesos que han dejado consternadas a las comunidades de Pradera y Florida, dos cr\u00edmenes han sacudido la tranquilidad de estas localidades en los \u00faltimos d\u00edas. En el primer incidente, ocurrido en el barrio Prados de la Colina en Pradera, el cuerpo de Jos\u00e9 Antonio Espitia Amador, de 58 a\u00f1os, fue encontrado [&hellip;]<\/p>\n","protected":false},"author":3,"featured_media":17034,"comment_status":"open","ping_status":"open","sticky":false,"template":"","format":"video","meta":{"footnotes":""},"categories":[10],"tags":[],"class_list":["post-17033","post","type-post","status-publish","format-video","has-post-thumbnail","hentry","category-cnc-noticias-tulua","post_format-post-format-video"],"_links":{"self":[{"href":"https:\/\/cnctulua.tv\/index.php?rest_route=\/wp\/v2\/posts\/17033","targetHints":{"allow":["GET"]}}],"collection":[{"href":"https:\/\/cnctulua.tv\/index.php?rest_route=\/wp\/v2\/posts"}],"about":[{"href":"https:\/\/cnctulua.tv\/index.php?rest_route=\/wp\/v2\/types\/post"}],"author":[{"embeddable":true,"href":"https:\/\/cnctulua.tv\/index.php?rest_route=\/wp\/v2\/users\/3"}],"replies":[{"embeddable":true,"href":"https:\/\/cnctulua.tv\/index.php?rest_route=%2Fwp%2Fv2%2Fcomments&post=17033"}],"version-history":[{"count":1,"href":"https:\/\/cnctulua.tv\/index.php?rest_route=\/wp\/v2\/posts\/17033\/revisions"}],"predecessor-version":[{"id":17035,"href":"https:\/\/cnctulua.tv\/index.php?rest_route=\/wp\/v2\/posts\/17033\/revisions\/17035"}],"wp:featuredmedia":[{"embeddable":true,"href":"https:\/\/cnctulua.tv\/index.php?rest_route=\/wp\/v2\/media\/17034"}],"wp:attachment":[{"href":"https:\/\/cnctulua.tv\/index.php?rest_route=%2Fwp%2Fv2%2Fmedia&parent=17033"}],"wp:term":[{"taxonomy":"category","embeddable":true,"href":"https:\/\/cnctulua.tv\/index.php?rest_route=%2Fwp%2Fv2%2Fcategories&post=17033"},{"taxonomy":"post_tag","embeddable":true,"href":"https:\/\/cnctulua.tv\/index.php?rest_route=%2Fwp%2Fv2%2Ftags&post=17033"}],"curies":[{"name":"wp","href":"https:\/\/api.w.org\/{rel}","templated":true}]}}