{"id":17097,"date":"2024-04-04T17:49:09","date_gmt":"2024-04-04T17:49:09","guid":{"rendered":"https:\/\/cnctulua.tv\/?p=17097"},"modified":"2024-04-04T17:49:13","modified_gmt":"2024-04-04T17:49:13","slug":"ministro-de-salud-advierte-sobre-crisis-en-sistema-de-salud-colombiano-y-propone-reforma-integral","status":"publish","type":"post","link":"https:\/\/cnctulua.tv\/?p=17097","title":{"rendered":"MINISTRO DE SALUD ADVIERTE SOBRE CRISIS EN SISTEMA DE SALUD colombiano y propone reforma integral."},"content":{"rendered":"\n<p>En un mensaje contundente dirigido a la naci\u00f3n, el Ministro de Salud de Colombia, Guillermo Alfonso Jaramillo, ha hecho una advertencia en\u00e9rgica sobre la situaci\u00f3n cr\u00edtica que enfrenta el sistema de salud del pa\u00eds.<\/p>\n\n\n\n<p>En declaraciones recientes, el Ministro Jaramillo afirm\u00f3: \u00abNosotros hemos venido recalcando desde hace mucho tiempo que hay una situaci\u00f3n estructural y grave dentro del sistema. No se nos ha escuchado. Nos quieren indicar algo que no nos pertenece\u00bb.<\/p>\n\n\n\n<figure class=\"wp-block-embed is-type-video is-provider-youtube wp-block-embed-youtube wp-embed-aspect-16-9 wp-has-aspect-ratio\"><div class=\"wp-block-embed__wrapper\">\n<iframe loading=\"lazy\" title=\"Ministro de Salud advierte sobre situaci\u00f3n estructural y grave en el sistema de salud.\" width=\"640\" height=\"360\" src=\"https:\/\/www.youtube.com\/embed\/o8DMr7rAUYY?feature=oembed\" frameborder=\"0\" allow=\"accelerometer; autoplay; clipboard-write; encrypted-media; gyroscope; picture-in-picture; web-share\" referrerpolicy=\"strict-origin-when-cross-origin\" allowfullscreen><\/iframe>\n<\/div><\/figure>\n\n\n\n<p>El Ministro hizo referencia a decretos emitidos en 2014 y 2016 que establecieron el Programa de Recuperaci\u00f3n Institucional (PRI) para abordar las deficiencias en las Entidades Promotoras de Salud (EPS). \u00abDe 150, vamos en solamente 5 que cumplen\u00bb, enfatiz\u00f3.<\/p>\n\n\n\n<p>En un tono urgente, el Ministro present\u00f3 un proyecto de reforma para enfrentar esta crisis y llam\u00f3 la atenci\u00f3n de la Comisi\u00f3n de Regulaci\u00f3n en Salud (CPS), afirmando: \u00abUstedes tienen un rol supremamente importante en la integraci\u00f3n vertical del sistema de salud\u00bb.<\/p>\n\n\n\n<p>El debate entre la infraestructura p\u00fablica y privada tambi\u00e9n fue destacado por el Ministro: \u00abEs incre\u00edble que haya una infraestructura privada en detrimento de la infraestructura p\u00fablica\u00bb, se\u00f1al\u00f3.<\/p>\n\n\n\n<p>Ante la gravedad de la situaci\u00f3n, el Ministro subray\u00f3 la importancia de las intervenciones realizadas por la Superintendencia de Salud y el Dr. Leal, interventor designado, afirmando que estas acciones son fundamentales para prevenir futuros da\u00f1os en el sistema de salud.<\/p>\n\n\n\n<p>El llamado del Ministro de Salud resalta la urgencia de abordar las deficiencias estructurales en el sistema sanitario colombiano y subraya la necesidad de una acci\u00f3n r\u00e1pida y decisiva para garantizar la salud y el bienestar de todos los ciudadanos.<\/p>\n","protected":false},"excerpt":{"rendered":"<p>En un mensaje contundente dirigido a la naci\u00f3n, el Ministro de Salud de Colombia, Guillermo Alfonso Jaramillo, ha hecho una advertencia en\u00e9rgica sobre la situaci\u00f3n cr\u00edtica que enfrenta el sistema de salud del pa\u00eds. En declaraciones recientes, el Ministro Jaramillo afirm\u00f3: \u00abNosotros hemos venido recalcando desde hace mucho tiempo que hay una situaci\u00f3n estructural y [&hellip;]<\/p>\n","protected":false},"author":3,"featured_media":17098,"comment_status":"open","ping_status":"open","sticky":false,"template":"","format":"video","meta":{"footnotes":""},"categories":[10],"tags":[],"class_list":["post-17097","post","type-post","status-publish","format-video","has-post-thumbnail","hentry","category-cnc-noticias-tulua","post_format-post-format-video"],"_links":{"self":[{"href":"https:\/\/cnctulua.tv\/index.php?rest_route=\/wp\/v2\/posts\/17097","targetHints":{"allow":["GET"]}}],"collection":[{"href":"https:\/\/cnctulua.tv\/index.php?rest_route=\/wp\/v2\/posts"}],"about":[{"href":"https:\/\/cnctulua.tv\/index.php?rest_route=\/wp\/v2\/types\/post"}],"author":[{"embeddable":true,"href":"https:\/\/cnctulua.tv\/index.php?rest_route=\/wp\/v2\/users\/3"}],"replies":[{"embeddable":true,"href":"https:\/\/cnctulua.tv\/index.php?rest_route=%2Fwp%2Fv2%2Fcomments&post=17097"}],"version-history":[{"count":1,"href":"https:\/\/cnctulua.tv\/index.php?rest_route=\/wp\/v2\/posts\/17097\/revisions"}],"predecessor-version":[{"id":17099,"href":"https:\/\/cnctulua.tv\/index.php?rest_route=\/wp\/v2\/posts\/17097\/revisions\/17099"}],"wp:featuredmedia":[{"embeddable":true,"href":"https:\/\/cnctulua.tv\/index.php?rest_route=\/wp\/v2\/media\/17098"}],"wp:attachment":[{"href":"https:\/\/cnctulua.tv\/index.php?rest_route=%2Fwp%2Fv2%2Fmedia&parent=17097"}],"wp:term":[{"taxonomy":"category","embeddable":true,"href":"https:\/\/cnctulua.tv\/index.php?rest_route=%2Fwp%2Fv2%2Fcategories&post=17097"},{"taxonomy":"post_tag","embeddable":true,"href":"https:\/\/cnctulua.tv\/index.php?rest_route=%2Fwp%2Fv2%2Ftags&post=17097"}],"curies":[{"name":"wp","href":"https:\/\/api.w.org\/{rel}","templated":true}]}}