{"id":17106,"date":"2024-04-04T18:58:32","date_gmt":"2024-04-04T18:58:32","guid":{"rendered":"https:\/\/cnctulua.tv\/?p=17106"},"modified":"2024-04-04T18:58:35","modified_gmt":"2024-04-04T18:58:35","slug":"capturado-el-responsable-del-asalto-al-interprete-tulueno-jonathan-escobar","status":"publish","type":"post","link":"https:\/\/cnctulua.tv\/?p=17106","title":{"rendered":"CAPTURADO EL RESPONSABLE DEL ASALTO AL INTERPRETE TULUE\u00d1O JONATHAN ESCOBAR."},"content":{"rendered":"\n<p>La Polic\u00eda Nacional logr\u00f3 la captura del presunto responsable del asalto al reconocido int\u00e9rprete tulue\u00f1o, conocido como el \u00abCaballero del Despecho\u00bb, quien fue v\u00edctima de un asalto en el sector de 7 Vueltas en el municipio de Tulu\u00e1.<\/p>\n\n\n\n<figure class=\"wp-block-embed is-type-video is-provider-youtube wp-block-embed-youtube wp-embed-aspect-16-9 wp-has-aspect-ratio\"><div class=\"wp-block-embed__wrapper\">\n<iframe loading=\"lazy\" title=\"Responsable del asalto al artista tulue\u00f1o Jonathan Escobar fue capturado.\" width=\"640\" height=\"360\" src=\"https:\/\/www.youtube.com\/embed\/XJQp58GfP5I?feature=oembed\" frameborder=\"0\" allow=\"accelerometer; autoplay; clipboard-write; encrypted-media; gyroscope; picture-in-picture; web-share\" referrerpolicy=\"strict-origin-when-cross-origin\" allowfullscreen><\/iframe>\n<\/div><\/figure>\n\n\n\n<p>Durante el asalto, despojaron al artista de su motocicleta y otras pertenencias, adem\u00e1s de infligirle varias heridas en la espalda con un arma corto punzante. Actualmente, la v\u00edctima est\u00e1 recibiendo atenci\u00f3n m\u00e9dica en un centro asistencial del municipio para tratar sus heridas.<\/p>\n\n\n\n<p>El individuo capturado en relaci\u00f3n con este incidente est\u00e1 siendo puesto a disposici\u00f3n de la Fiscal\u00eda General de la Naci\u00f3n para enfrentar las correspondientes acciones legales por su presunta participaci\u00f3n en el delito.<\/p>\n","protected":false},"excerpt":{"rendered":"<p>La Polic\u00eda Nacional logr\u00f3 la captura del presunto responsable del asalto al reconocido int\u00e9rprete tulue\u00f1o, conocido como el \u00abCaballero del Despecho\u00bb, quien fue v\u00edctima de un asalto en el sector de 7 Vueltas en el municipio de Tulu\u00e1. Durante el asalto, despojaron al artista de su motocicleta y otras pertenencias, adem\u00e1s de infligirle varias heridas [&hellip;]<\/p>\n","protected":false},"author":3,"featured_media":17107,"comment_status":"open","ping_status":"open","sticky":false,"template":"","format":"video","meta":{"footnotes":""},"categories":[10],"tags":[],"class_list":["post-17106","post","type-post","status-publish","format-video","has-post-thumbnail","hentry","category-cnc-noticias-tulua","post_format-post-format-video"],"_links":{"self":[{"href":"https:\/\/cnctulua.tv\/index.php?rest_route=\/wp\/v2\/posts\/17106","targetHints":{"allow":["GET"]}}],"collection":[{"href":"https:\/\/cnctulua.tv\/index.php?rest_route=\/wp\/v2\/posts"}],"about":[{"href":"https:\/\/cnctulua.tv\/index.php?rest_route=\/wp\/v2\/types\/post"}],"author":[{"embeddable":true,"href":"https:\/\/cnctulua.tv\/index.php?rest_route=\/wp\/v2\/users\/3"}],"replies":[{"embeddable":true,"href":"https:\/\/cnctulua.tv\/index.php?rest_route=%2Fwp%2Fv2%2Fcomments&post=17106"}],"version-history":[{"count":1,"href":"https:\/\/cnctulua.tv\/index.php?rest_route=\/wp\/v2\/posts\/17106\/revisions"}],"predecessor-version":[{"id":17108,"href":"https:\/\/cnctulua.tv\/index.php?rest_route=\/wp\/v2\/posts\/17106\/revisions\/17108"}],"wp:featuredmedia":[{"embeddable":true,"href":"https:\/\/cnctulua.tv\/index.php?rest_route=\/wp\/v2\/media\/17107"}],"wp:attachment":[{"href":"https:\/\/cnctulua.tv\/index.php?rest_route=%2Fwp%2Fv2%2Fmedia&parent=17106"}],"wp:term":[{"taxonomy":"category","embeddable":true,"href":"https:\/\/cnctulua.tv\/index.php?rest_route=%2Fwp%2Fv2%2Fcategories&post=17106"},{"taxonomy":"post_tag","embeddable":true,"href":"https:\/\/cnctulua.tv\/index.php?rest_route=%2Fwp%2Fv2%2Ftags&post=17106"}],"curies":[{"name":"wp","href":"https:\/\/api.w.org\/{rel}","templated":true}]}}