{"id":18587,"date":"2024-05-02T14:11:42","date_gmt":"2024-05-02T14:11:42","guid":{"rendered":"https:\/\/cnctulua.tv\/?p=18587"},"modified":"2024-05-02T14:11:46","modified_gmt":"2024-05-02T14:11:46","slug":"capturado-alias-chocorramo-presunto-cabecilla-de-la-estructura-criminal-la-nueva-generacion","status":"publish","type":"post","link":"https:\/\/cnctulua.tv\/?p=18587","title":{"rendered":"CAPTURADO ALIAS \u201cCHOCORRAMO\u201d PRESUNTO CABECILLA DE LA ESTRUCTURA CRIMINAL \u2018LA NUEVA GENERACI\u00d3N\u2019."},"content":{"rendered":"\n<p>En una operaci\u00f3n policial coordinada, las autoridades colombianas lograron la captura de alias \u201cChocorramo\u201d, presunto cabecilla de una destacada estructura criminal en el pa\u00eds. Este individuo, cuya identidad real es Leonardo \u00c1lvarez, ha sido vinculado a actividades delictivas durante aproximadamente 14 a\u00f1os, desempe\u00f1ando roles de liderazgo en diferentes organizaciones dedicadas al multicrimen, incluyendo las extintas BACRIM \u2018Los Rastrojos\u2019 en los departamentos de Santander y Norte de Santander.<\/p>\n\n\n\n<figure class=\"wp-block-embed is-type-video is-provider-youtube wp-block-embed-youtube wp-embed-aspect-16-9 wp-has-aspect-ratio\"><div class=\"wp-block-embed__wrapper\">\n<iframe loading=\"lazy\" title=\"Alias &#039;Chocorramo&#039; Capturado: golpe decisivo al crimen organizado en Colombia.\" width=\"640\" height=\"360\" src=\"https:\/\/www.youtube.com\/embed\/8TLu-8cqNYU?feature=oembed\" frameborder=\"0\" allow=\"accelerometer; autoplay; clipboard-write; encrypted-media; gyroscope; picture-in-picture; web-share\" referrerpolicy=\"strict-origin-when-cross-origin\" allowfullscreen><\/iframe>\n<\/div><\/figure>\n\n\n\n<p>Seg\u00fan las investigaciones, \u00c1lvarez manten\u00eda estrechos v\u00ednculos con otros l\u00edderes delictivos, como el alias \u2018El Zarco\u2019, cabecilla de la organizaci\u00f3n delincuencial \u2018La Nueva Generaci\u00f3n\u2019, quien fue capturado previamente en el norte del Valle. Se le atribuye a \u201cChocorramo\u201d la ejecuci\u00f3n de una serie de homicidios entre los a\u00f1os 2020 y 2024, como resultado de enfrentamientos con grupos rivales por el control de las rentas criminales, lo que habr\u00eda generado un aumento significativo en la tasa de homicidios en la regi\u00f3n.<\/p>\n\n\n\n<p>La detenci\u00f3n de \u201cChocorramo\u201d fue posible gracias al trabajo conjunto de la Seccional de Investigaci\u00f3n Criminal (SIJIN), personal de Inteligencia y diversas instituciones, en consonancia con el nuevo \u2018Modelo del Servicio de Polic\u00eda\u2019 y la estrategia de seguridad de la Gobernaci\u00f3n del Valle. El Coronel Giovanni Cristancho Zambrano, Comandante del Departamento de Polic\u00eda Valle, destac\u00f3 la importancia de esta captura, considerando a \u00c1lvarez como uno de los sicarios m\u00e1s temidos de la organizaci\u00f3n delincuencial en cuesti\u00f3n.<\/p>\n\n\n\n\n\n<p>El detenido posee un extenso historial delictivo, con antecedentes por delitos como Concierto para delinquir, financiaci\u00f3n del terrorismo, administraci\u00f3n de recursos relacionados con actividades terroristas y de la delincuencia organizada.<\/p>\n\n\n\n<p>Con esta operaci\u00f3n, se logra desarticular de manera significativa la estructura delincuencial \u00abLa Nueva Generaci\u00f3n\u00bb, con presencia en varios municipios del Valle del Cauca. Se le atribuye a esta organizaci\u00f3n la autor\u00eda de homicidios selectivos contra miembros y colaboradores de grupos rivales, lo que ha sembrado el temor entre los habitantes de la regi\u00f3n.<\/p>\n\n\n\n<p>El detenido qued\u00f3 a disposici\u00f3n de las autoridades competentes, quienes determinar\u00e1n su situaci\u00f3n judicial por delitos como fabricaci\u00f3n, tr\u00e1fico y porte ilegal de armas de fuego y munici\u00f3n.<\/p>\n","protected":false},"excerpt":{"rendered":"<p>En una operaci\u00f3n policial coordinada, las autoridades colombianas lograron la captura de alias \u201cChocorramo\u201d, presunto cabecilla de una destacada estructura criminal en el pa\u00eds. Este individuo, cuya identidad real es Leonardo \u00c1lvarez, ha sido vinculado a actividades delictivas durante aproximadamente 14 a\u00f1os, desempe\u00f1ando roles de liderazgo en diferentes organizaciones dedicadas al multicrimen, incluyendo las extintas [&hellip;]<\/p>\n","protected":false},"author":3,"featured_media":18589,"comment_status":"open","ping_status":"open","sticky":false,"template":"","format":"video","meta":{"footnotes":""},"categories":[10],"tags":[],"class_list":["post-18587","post","type-post","status-publish","format-video","has-post-thumbnail","hentry","category-cnc-noticias-tulua","post_format-post-format-video"],"_links":{"self":[{"href":"https:\/\/cnctulua.tv\/index.php?rest_route=\/wp\/v2\/posts\/18587","targetHints":{"allow":["GET"]}}],"collection":[{"href":"https:\/\/cnctulua.tv\/index.php?rest_route=\/wp\/v2\/posts"}],"about":[{"href":"https:\/\/cnctulua.tv\/index.php?rest_route=\/wp\/v2\/types\/post"}],"author":[{"embeddable":true,"href":"https:\/\/cnctulua.tv\/index.php?rest_route=\/wp\/v2\/users\/3"}],"replies":[{"embeddable":true,"href":"https:\/\/cnctulua.tv\/index.php?rest_route=%2Fwp%2Fv2%2Fcomments&post=18587"}],"version-history":[{"count":1,"href":"https:\/\/cnctulua.tv\/index.php?rest_route=\/wp\/v2\/posts\/18587\/revisions"}],"predecessor-version":[{"id":18590,"href":"https:\/\/cnctulua.tv\/index.php?rest_route=\/wp\/v2\/posts\/18587\/revisions\/18590"}],"wp:featuredmedia":[{"embeddable":true,"href":"https:\/\/cnctulua.tv\/index.php?rest_route=\/wp\/v2\/media\/18589"}],"wp:attachment":[{"href":"https:\/\/cnctulua.tv\/index.php?rest_route=%2Fwp%2Fv2%2Fmedia&parent=18587"}],"wp:term":[{"taxonomy":"category","embeddable":true,"href":"https:\/\/cnctulua.tv\/index.php?rest_route=%2Fwp%2Fv2%2Fcategories&post=18587"},{"taxonomy":"post_tag","embeddable":true,"href":"https:\/\/cnctulua.tv\/index.php?rest_route=%2Fwp%2Fv2%2Ftags&post=18587"}],"curies":[{"name":"wp","href":"https:\/\/api.w.org\/{rel}","templated":true}]}}