{"id":18595,"date":"2024-05-02T14:32:53","date_gmt":"2024-05-02T14:32:53","guid":{"rendered":"https:\/\/cnctulua.tv\/?p=18595"},"modified":"2024-05-02T15:17:02","modified_gmt":"2024-05-02T15:17:02","slug":"en-cartago-la-policia-nacional-captura-a-tres-personas-e-imputa-cargos-por-diversos-delitos","status":"publish","type":"post","link":"https:\/\/cnctulua.tv\/?p=18595","title":{"rendered":"EN CARTAGO LA POLIC\u00cdA NACIONAL CAPTURA A TRES PERSONAS E IMPUTA CARGOS POR DIVERSOS DELITOS."},"content":{"rendered":"\n<p>En un operativo policial coordinado en el municipio de Cartago, la Polic\u00eda Nacional ha logrado la captura de tres individuos presuntamente involucrados en actividades delictivas de gran envergadura. La acci\u00f3n, llevada a cabo por agentes de la Seccional de Investigaci\u00f3n Policial, se despleg\u00f3 en respuesta a informes sobre actividades sospechosas en el barrio Bulevar de las Villas.<\/p>\n\n\n\n<figure class=\"wp-block-embed is-type-video is-provider-youtube wp-block-embed-youtube wp-embed-aspect-16-9 wp-has-aspect-ratio\"><div class=\"wp-block-embed__wrapper\">\n<iframe loading=\"lazy\" title=\"Desarticulaci\u00f3n del Crimen en Cartago: captura de presuntos delincuentes en operativo policial.\" width=\"640\" height=\"360\" src=\"https:\/\/www.youtube.com\/embed\/-TaeTmFkUMk?feature=oembed\" frameborder=\"0\" allow=\"accelerometer; autoplay; clipboard-write; encrypted-media; gyroscope; picture-in-picture; web-share\" referrerpolicy=\"strict-origin-when-cross-origin\" allowfullscreen><\/iframe>\n<\/div><\/figure>\n\n\n\n<p>Los arrestados fueron sorprendidos en flagrancia, implicados en delitos que van desde el tr\u00e1fico y la fabricaci\u00f3n de armas de fuego hasta el porte de estupefacientes. Seg\u00fan fuentes policiales, estos individuos podr\u00edan estar vinculados a actividades sicariales que han contribuido a la creciente disputa territorial en el casco urbano de Cartago y sus alrededores.<\/p>\n\n\n\n<p>Tras su detenci\u00f3n, tanto los sospechosos como los elementos confiscados fueron entregados a la Fiscal\u00eda General de la Naci\u00f3n. Posteriormente, en una audiencia de legalizaci\u00f3n e imputaci\u00f3n de cargos, un juez de control de garant\u00edas orden\u00f3 su encarcelamiento preventivo en un centro penitenciario.<\/p>\n","protected":false},"excerpt":{"rendered":"<p>En un operativo policial coordinado en el municipio de Cartago, la Polic\u00eda Nacional ha logrado la captura de tres individuos presuntamente involucrados en actividades delictivas de gran envergadura. La acci\u00f3n, llevada a cabo por agentes de la Seccional de Investigaci\u00f3n Policial, se despleg\u00f3 en respuesta a informes sobre actividades sospechosas en el barrio Bulevar de [&hellip;]<\/p>\n","protected":false},"author":3,"featured_media":18607,"comment_status":"open","ping_status":"open","sticky":false,"template":"","format":"video","meta":{"footnotes":""},"categories":[10],"tags":[],"class_list":["post-18595","post","type-post","status-publish","format-video","has-post-thumbnail","hentry","category-cnc-noticias-tulua","post_format-post-format-video"],"_links":{"self":[{"href":"https:\/\/cnctulua.tv\/index.php?rest_route=\/wp\/v2\/posts\/18595","targetHints":{"allow":["GET"]}}],"collection":[{"href":"https:\/\/cnctulua.tv\/index.php?rest_route=\/wp\/v2\/posts"}],"about":[{"href":"https:\/\/cnctulua.tv\/index.php?rest_route=\/wp\/v2\/types\/post"}],"author":[{"embeddable":true,"href":"https:\/\/cnctulua.tv\/index.php?rest_route=\/wp\/v2\/users\/3"}],"replies":[{"embeddable":true,"href":"https:\/\/cnctulua.tv\/index.php?rest_route=%2Fwp%2Fv2%2Fcomments&post=18595"}],"version-history":[{"count":1,"href":"https:\/\/cnctulua.tv\/index.php?rest_route=\/wp\/v2\/posts\/18595\/revisions"}],"predecessor-version":[{"id":18597,"href":"https:\/\/cnctulua.tv\/index.php?rest_route=\/wp\/v2\/posts\/18595\/revisions\/18597"}],"wp:featuredmedia":[{"embeddable":true,"href":"https:\/\/cnctulua.tv\/index.php?rest_route=\/wp\/v2\/media\/18607"}],"wp:attachment":[{"href":"https:\/\/cnctulua.tv\/index.php?rest_route=%2Fwp%2Fv2%2Fmedia&parent=18595"}],"wp:term":[{"taxonomy":"category","embeddable":true,"href":"https:\/\/cnctulua.tv\/index.php?rest_route=%2Fwp%2Fv2%2Fcategories&post=18595"},{"taxonomy":"post_tag","embeddable":true,"href":"https:\/\/cnctulua.tv\/index.php?rest_route=%2Fwp%2Fv2%2Ftags&post=18595"}],"curies":[{"name":"wp","href":"https:\/\/api.w.org\/{rel}","templated":true}]}}