{"id":18615,"date":"2024-05-02T17:14:10","date_gmt":"2024-05-02T17:14:10","guid":{"rendered":"https:\/\/cnctulua.tv\/?p=18615"},"modified":"2024-05-02T17:14:16","modified_gmt":"2024-05-02T17:14:16","slug":"necesitamos-mas-apoyo-del-gobierno-nacional-para-garantizar-seguridad-afirma-dilian-francisca-toro","status":"publish","type":"post","link":"https:\/\/cnctulua.tv\/?p=18615","title":{"rendered":"\u00abNECESITAMOS M\u00c1S APOYO DEL GOBIERNO NACIONAL PARA GARANTIZAR SEGURIDAD\u00bb, AFIRMA DILIAN FRANCISCA TORO."},"content":{"rendered":"\n<p>En un llamado urgente dirigido al Gobierno Nacional, la gobernadora del Valle del Cauca, Dilian Francisca Toro, ha solicitado un refuerzo significativo de fiscales para hacer frente a la alarmante ola de delincuencia que azota la regi\u00f3n.<\/p>\n\n\n\n<p>Durante una reuni\u00f3n celebrada en Buga, la mandataria expres\u00f3 con preocupaci\u00f3n: \u00abEs imperativo que el Gobierno Nacional nos escuche y nos brinde apoyo para combatir la inseguridad que afecta a nuestra comunidad\u00bb.<\/p>\n\n\n\n<figure class=\"wp-block-embed is-type-video is-provider-youtube wp-block-embed-youtube wp-embed-aspect-16-9 wp-has-aspect-ratio\"><div class=\"wp-block-embed__wrapper\">\n<iframe loading=\"lazy\" title=\"M\u00e1s fiscales destacados para combatir criminalidad en el Valle del Cauca.\" width=\"640\" height=\"360\" src=\"https:\/\/www.youtube.com\/embed\/_72LjeBW2k0?feature=oembed\" frameborder=\"0\" allow=\"accelerometer; autoplay; clipboard-write; encrypted-media; gyroscope; picture-in-picture; web-share\" referrerpolicy=\"strict-origin-when-cross-origin\" allowfullscreen><\/iframe>\n<\/div><\/figure>\n\n\n\n<p>Toro destac\u00f3 la necesidad de contar con m\u00e1s fiscales destacados en \u00e1reas estrat\u00e9gicas del departamento, enfoc\u00e1ndose especialmente en localidades como Tulu\u00e1, Cartago y Jamund\u00ed, donde se han registrado casos de alta complejidad criminal. \u00abNecesitamos que las investigaciones avancen m\u00e1s r\u00e1pido y que se ejecuten \u00f3rdenes de captura de manera efectiva\u00bb, enfatiz\u00f3 la gobernadora.<\/p>\n\n\n\n<p>Asimismo, la mandataria resalt\u00f3 la importancia de abordar de manera integral la seguridad en Jamund\u00ed, proponiendo la creaci\u00f3n de un Puesto de Mando Unificado que involucre a diferentes entidades como la Fiscal\u00eda, la Polic\u00eda y el Ej\u00e9rcito.<\/p>\n\n\n\n<figure class=\"wp-block-image size-large is-resized\"><img loading=\"lazy\" decoding=\"async\" width=\"1024\" height=\"683\" src=\"https:\/\/cnctulua.tv\/wp-content\/uploads\/2024\/05\/WhatsApp-Image-2024-04-30-at-6.22.47-PM-1-1024x683.jpeg\" alt=\"\" class=\"wp-image-18616\" style=\"width:916px;height:auto\" srcset=\"https:\/\/cnctulua.tv\/wp-content\/uploads\/2024\/05\/WhatsApp-Image-2024-04-30-at-6.22.47-PM-1-1024x683.jpeg 1024w, https:\/\/cnctulua.tv\/wp-content\/uploads\/2024\/05\/WhatsApp-Image-2024-04-30-at-6.22.47-PM-1-300x200.jpeg 300w, https:\/\/cnctulua.tv\/wp-content\/uploads\/2024\/05\/WhatsApp-Image-2024-04-30-at-6.22.47-PM-1-768x512.jpeg 768w, https:\/\/cnctulua.tv\/wp-content\/uploads\/2024\/05\/WhatsApp-Image-2024-04-30-at-6.22.47-PM-1-1536x1024.jpeg 1536w, https:\/\/cnctulua.tv\/wp-content\/uploads\/2024\/05\/WhatsApp-Image-2024-04-30-at-6.22.47-PM-1-2048x1365.jpeg 2048w, https:\/\/cnctulua.tv\/wp-content\/uploads\/2024\/05\/WhatsApp-Image-2024-04-30-at-6.22.47-PM-1-scaled.jpeg 1620w\" sizes=\"auto, (max-width: 1024px) 100vw, 1024px\" \/><\/figure>\n\n\n\n<p>Otro punto crucial abordado durante la reuni\u00f3n fue la preocupaci\u00f3n por la delincuencia que opera desde las c\u00e1rceles. En este sentido, la gobernadora hizo un llamado para que se tomen medidas m\u00e1s estrictas, como la incomunicaci\u00f3n de los delincuentes desde los centros penitenciarios.<\/p>\n\n\n\n<p>La gobernadora concluy\u00f3 la reuni\u00f3n expresando su optimismo en que estas solicitudes sean atendidas por el gobierno nacional, reafirmando su compromiso con la seguridad y el bienestar de los ciudadanos del Valle del Cauca.<\/p>\n","protected":false},"excerpt":{"rendered":"<p>En un llamado urgente dirigido al Gobierno Nacional, la gobernadora del Valle del Cauca, Dilian Francisca Toro, ha solicitado un refuerzo significativo de fiscales para hacer frente a la alarmante ola de delincuencia que azota la regi\u00f3n. Durante una reuni\u00f3n celebrada en Buga, la mandataria expres\u00f3 con preocupaci\u00f3n: \u00abEs imperativo que el Gobierno Nacional nos [&hellip;]<\/p>\n","protected":false},"author":3,"featured_media":18617,"comment_status":"open","ping_status":"open","sticky":false,"template":"","format":"video","meta":{"footnotes":""},"categories":[10],"tags":[],"class_list":["post-18615","post","type-post","status-publish","format-video","has-post-thumbnail","hentry","category-cnc-noticias-tulua","post_format-post-format-video"],"_links":{"self":[{"href":"https:\/\/cnctulua.tv\/index.php?rest_route=\/wp\/v2\/posts\/18615","targetHints":{"allow":["GET"]}}],"collection":[{"href":"https:\/\/cnctulua.tv\/index.php?rest_route=\/wp\/v2\/posts"}],"about":[{"href":"https:\/\/cnctulua.tv\/index.php?rest_route=\/wp\/v2\/types\/post"}],"author":[{"embeddable":true,"href":"https:\/\/cnctulua.tv\/index.php?rest_route=\/wp\/v2\/users\/3"}],"replies":[{"embeddable":true,"href":"https:\/\/cnctulua.tv\/index.php?rest_route=%2Fwp%2Fv2%2Fcomments&post=18615"}],"version-history":[{"count":1,"href":"https:\/\/cnctulua.tv\/index.php?rest_route=\/wp\/v2\/posts\/18615\/revisions"}],"predecessor-version":[{"id":18618,"href":"https:\/\/cnctulua.tv\/index.php?rest_route=\/wp\/v2\/posts\/18615\/revisions\/18618"}],"wp:featuredmedia":[{"embeddable":true,"href":"https:\/\/cnctulua.tv\/index.php?rest_route=\/wp\/v2\/media\/18617"}],"wp:attachment":[{"href":"https:\/\/cnctulua.tv\/index.php?rest_route=%2Fwp%2Fv2%2Fmedia&parent=18615"}],"wp:term":[{"taxonomy":"category","embeddable":true,"href":"https:\/\/cnctulua.tv\/index.php?rest_route=%2Fwp%2Fv2%2Fcategories&post=18615"},{"taxonomy":"post_tag","embeddable":true,"href":"https:\/\/cnctulua.tv\/index.php?rest_route=%2Fwp%2Fv2%2Ftags&post=18615"}],"curies":[{"name":"wp","href":"https:\/\/api.w.org\/{rel}","templated":true}]}}