{"id":18619,"date":"2024-05-02T17:26:35","date_gmt":"2024-05-02T17:26:35","guid":{"rendered":"https:\/\/cnctulua.tv\/?p=18619"},"modified":"2024-05-02T17:26:40","modified_gmt":"2024-05-02T17:26:40","slug":"procuraduria-general-de-la-nacion-lidera-esfuerzos-para-combatir-la-mineria-ilegal-y-la-contaminacion-por-mercurio","status":"publish","type":"post","link":"https:\/\/cnctulua.tv\/?p=18619","title":{"rendered":"PROCURADUR\u00cdA GENERAL DE LA NACI\u00d3N LIDERA ESFUERZOS PARA COMBATIR LA MINER\u00cdA ILEGAL Y LA CONTAMINACI\u00d3N POR MERCURIO."},"content":{"rendered":"\n<p>En un esfuerzo conjunto por combatir la miner\u00eda ilegal y formalizar la miner\u00eda artesanal, se llev\u00f3 a cabo una reuni\u00f3n clave en el Valle del Cauca. La Mesa Territorial Contra la Miner\u00eda Ilegal y la Contaminaci\u00f3n por Mercurio, convocada por la Procuradur\u00eda General de la Naci\u00f3n, reuni\u00f3 a m\u00e1s de 50 organizaciones y entidades de diversos \u00e1mbitos.<\/p>\n\n\n\n<figure class=\"wp-block-embed is-type-video is-provider-youtube wp-block-embed-youtube wp-embed-aspect-16-9 wp-has-aspect-ratio\"><div class=\"wp-block-embed__wrapper\">\n<iframe loading=\"lazy\" title=\"Mesa Territorial en el Valle contra la miner\u00eda ilegal y la contaminaci\u00f3n por mercurio.\" width=\"640\" height=\"360\" src=\"https:\/\/www.youtube.com\/embed\/0tpNc33nZ-8?feature=oembed\" frameborder=\"0\" allow=\"accelerometer; autoplay; clipboard-write; encrypted-media; gyroscope; picture-in-picture; web-share\" referrerpolicy=\"strict-origin-when-cross-origin\" allowfullscreen><\/iframe>\n<\/div><\/figure>\n\n\n\n<p>Durante el encuentro, Oswaldo Arcos, secretario de Ambiente del Valle, resalt\u00f3 la importancia de buscar alternativas para abordar la problem\u00e1tica, se\u00f1alando: \u00abTenemos dos acciones fundamentales, como el proyecto de orden nacional que nos va a servir para mitigar el da\u00f1o ambiental a los Farallones de Cali y tambi\u00e9n vamos a buscar al Ministerio de la Igualdad, para legalizar la miner\u00eda ancestral artesanal\u00bb.<\/p>\n\n\n\n<figure class=\"wp-block-image size-large is-resized\"><img loading=\"lazy\" decoding=\"async\" width=\"1024\" height=\"770\" src=\"https:\/\/cnctulua.tv\/wp-content\/uploads\/2024\/05\/WhatsApp-Image-2024-05-01-at-10.40.15-AM-1024x770.jpeg\" alt=\"\" class=\"wp-image-18620\" style=\"width:912px;height:auto\" srcset=\"https:\/\/cnctulua.tv\/wp-content\/uploads\/2024\/05\/WhatsApp-Image-2024-05-01-at-10.40.15-AM-1024x770.jpeg 1024w, https:\/\/cnctulua.tv\/wp-content\/uploads\/2024\/05\/WhatsApp-Image-2024-05-01-at-10.40.15-AM-300x226.jpeg 300w, https:\/\/cnctulua.tv\/wp-content\/uploads\/2024\/05\/WhatsApp-Image-2024-05-01-at-10.40.15-AM-768x578.jpeg 768w, https:\/\/cnctulua.tv\/wp-content\/uploads\/2024\/05\/WhatsApp-Image-2024-05-01-at-10.40.15-AM.jpeg 1280w\" sizes=\"auto, (max-width: 1024px) 100vw, 1024px\" \/><\/figure>\n\n\n\n<p>Asimismo, Ana Mar\u00eda Sanclemente, secretaria de Seguridad del Departamento, destac\u00f3 los esfuerzos locales para combatir la miner\u00eda ilegal: \u00abLlevamos nueve meses de seguimiento en el tema de miner\u00eda ilegal y los Farallones de Cali; adem\u00e1s se han realizado tres consejos de seguridad ambiental\u00bb.<\/p>\n\n\n\n<p>La articulaci\u00f3n de actores locales, nacionales e internacionales fue subrayada como clave para hacer frente a la problem\u00e1tica en territorios como Dagua, Anchicay\u00e1, Jamund\u00ed y Buenaventura. Se espera una pronta recuperaci\u00f3n del Parque Natural los Farallones de Cali y dem\u00e1s municipios afectados por la miner\u00eda ilegal.<\/p>\n\n\n\n<figure class=\"wp-block-image size-large is-resized\"><img loading=\"lazy\" decoding=\"async\" width=\"1024\" height=\"770\" src=\"https:\/\/cnctulua.tv\/wp-content\/uploads\/2024\/05\/WhatsApp-Image-2024-05-01-at-10.40.13-AM-1024x770.jpeg\" alt=\"\" class=\"wp-image-18621\" style=\"width:925px;height:auto\" srcset=\"https:\/\/cnctulua.tv\/wp-content\/uploads\/2024\/05\/WhatsApp-Image-2024-05-01-at-10.40.13-AM-1024x770.jpeg 1024w, https:\/\/cnctulua.tv\/wp-content\/uploads\/2024\/05\/WhatsApp-Image-2024-05-01-at-10.40.13-AM-300x226.jpeg 300w, https:\/\/cnctulua.tv\/wp-content\/uploads\/2024\/05\/WhatsApp-Image-2024-05-01-at-10.40.13-AM-768x578.jpeg 768w, https:\/\/cnctulua.tv\/wp-content\/uploads\/2024\/05\/WhatsApp-Image-2024-05-01-at-10.40.13-AM.jpeg 1280w\" sizes=\"auto, (max-width: 1024px) 100vw, 1024px\" \/><\/figure>\n\n\n\n<p>En cuanto a las acciones concretas, el mayor Edwin Cubides Salazar, jefe seccional de Carabineros de la Polic\u00eda Metropolitana de Cali, inform\u00f3 sobre las intervenciones realizadas en ocho minas ilegales, resultando en once capturas. Adem\u00e1s, se proyectan m\u00e1s acciones para lo que resta del a\u00f1o.<\/p>\n\n\n\n<figure class=\"wp-block-image size-large is-resized\"><img loading=\"lazy\" decoding=\"async\" width=\"1024\" height=\"770\" src=\"https:\/\/cnctulua.tv\/wp-content\/uploads\/2024\/05\/WhatsApp-Image-2024-05-01-at-10.40.25-AM-1024x770.jpeg\" alt=\"\" class=\"wp-image-18622\" style=\"width:895px;height:auto\" srcset=\"https:\/\/cnctulua.tv\/wp-content\/uploads\/2024\/05\/WhatsApp-Image-2024-05-01-at-10.40.25-AM-1024x770.jpeg 1024w, https:\/\/cnctulua.tv\/wp-content\/uploads\/2024\/05\/WhatsApp-Image-2024-05-01-at-10.40.25-AM-300x226.jpeg 300w, https:\/\/cnctulua.tv\/wp-content\/uploads\/2024\/05\/WhatsApp-Image-2024-05-01-at-10.40.25-AM-768x578.jpeg 768w, https:\/\/cnctulua.tv\/wp-content\/uploads\/2024\/05\/WhatsApp-Image-2024-05-01-at-10.40.25-AM.jpeg 1280w\" sizes=\"auto, (max-width: 1024px) 100vw, 1024px\" \/><\/figure>\n\n\n\n<p>El procurador delegado Gustavo Guerrero resalt\u00f3 la problem\u00e1tica del mercurio en las fuentes h\u00eddricas del departamento, enfatizando: \u00abEsta regi\u00f3n cuenta con una de las mayores \u00e1reas con evidencia de actividades mineras de oro, una de las m\u00e1s afectadas es el Parque Natural los Farallones\u00bb.<\/p>\n","protected":false},"excerpt":{"rendered":"<p>En un esfuerzo conjunto por combatir la miner\u00eda ilegal y formalizar la miner\u00eda artesanal, se llev\u00f3 a cabo una reuni\u00f3n clave en el Valle del Cauca. La Mesa Territorial Contra la Miner\u00eda Ilegal y la Contaminaci\u00f3n por Mercurio, convocada por la Procuradur\u00eda General de la Naci\u00f3n, reuni\u00f3 a m\u00e1s de 50 organizaciones y entidades de [&hellip;]<\/p>\n","protected":false},"author":3,"featured_media":18623,"comment_status":"open","ping_status":"open","sticky":false,"template":"","format":"video","meta":{"footnotes":""},"categories":[10],"tags":[],"class_list":["post-18619","post","type-post","status-publish","format-video","has-post-thumbnail","hentry","category-cnc-noticias-tulua","post_format-post-format-video"],"_links":{"self":[{"href":"https:\/\/cnctulua.tv\/index.php?rest_route=\/wp\/v2\/posts\/18619","targetHints":{"allow":["GET"]}}],"collection":[{"href":"https:\/\/cnctulua.tv\/index.php?rest_route=\/wp\/v2\/posts"}],"about":[{"href":"https:\/\/cnctulua.tv\/index.php?rest_route=\/wp\/v2\/types\/post"}],"author":[{"embeddable":true,"href":"https:\/\/cnctulua.tv\/index.php?rest_route=\/wp\/v2\/users\/3"}],"replies":[{"embeddable":true,"href":"https:\/\/cnctulua.tv\/index.php?rest_route=%2Fwp%2Fv2%2Fcomments&post=18619"}],"version-history":[{"count":1,"href":"https:\/\/cnctulua.tv\/index.php?rest_route=\/wp\/v2\/posts\/18619\/revisions"}],"predecessor-version":[{"id":18624,"href":"https:\/\/cnctulua.tv\/index.php?rest_route=\/wp\/v2\/posts\/18619\/revisions\/18624"}],"wp:featuredmedia":[{"embeddable":true,"href":"https:\/\/cnctulua.tv\/index.php?rest_route=\/wp\/v2\/media\/18623"}],"wp:attachment":[{"href":"https:\/\/cnctulua.tv\/index.php?rest_route=%2Fwp%2Fv2%2Fmedia&parent=18619"}],"wp:term":[{"taxonomy":"category","embeddable":true,"href":"https:\/\/cnctulua.tv\/index.php?rest_route=%2Fwp%2Fv2%2Fcategories&post=18619"},{"taxonomy":"post_tag","embeddable":true,"href":"https:\/\/cnctulua.tv\/index.php?rest_route=%2Fwp%2Fv2%2Ftags&post=18619"}],"curies":[{"name":"wp","href":"https:\/\/api.w.org\/{rel}","templated":true}]}}