{"id":18638,"date":"2024-05-02T19:00:46","date_gmt":"2024-05-02T19:00:46","guid":{"rendered":"https:\/\/cnctulua.tv\/?p=18638"},"modified":"2024-05-02T19:00:51","modified_gmt":"2024-05-02T19:00:51","slug":"una-nueva-capacitacion-sobre-acoso-laboral-se-brinda-en-el-hospital-departamental-tomas-uribe-uribe","status":"publish","type":"post","link":"https:\/\/cnctulua.tv\/?p=18638","title":{"rendered":"UNA NUEVA CAPACITACI\u00d3N SOBRE ACOSO LABORAL SE BRINDA EN EL HOSPITAL DEPARTAMENTAL TOM\u00c1S URIBE URIBE."},"content":{"rendered":"\n<p>En un esfuerzo por promover un ambiente laboral saludable y evitar situaciones de acoso que puedan generar conflictos legales, la Gerencia del Hospital Departamental Tom\u00e1s Uribe Uribe ha implementado una nueva capacitaci\u00f3n sobre acoso laboral dirigida a todo su personal.<\/p>\n\n\n\n<figure class=\"wp-block-embed is-type-video is-provider-youtube wp-block-embed-youtube wp-embed-aspect-16-9 wp-has-aspect-ratio\"><div class=\"wp-block-embed__wrapper\">\n<iframe loading=\"lazy\" title=\"Hospital Departamental Tom\u00e1s Uribe Uribe impulsa capacitaci\u00f3n contra el acoso laboral.\" width=\"640\" height=\"360\" src=\"https:\/\/www.youtube.com\/embed\/vyRlqk5FGdY?feature=oembed\" frameborder=\"0\" allow=\"accelerometer; autoplay; clipboard-write; encrypted-media; gyroscope; picture-in-picture; web-share\" referrerpolicy=\"strict-origin-when-cross-origin\" allowfullscreen><\/iframe>\n<\/div><\/figure>\n\n\n\n<p>La iniciativa surge en respuesta a la creciente conciencia sobre la importancia de crear espacios laborales seguros y respetuosos, donde todos los trabajadores se sientan valorados y protegidos.<\/p>\n\n\n\n<p>El acoso laboral es un problema que puede tener consecuencias devastadoras tanto para las personas afectadas como para la organizaci\u00f3n en su conjunto.<\/p>\n\n\n\n<figure class=\"wp-block-image size-large is-resized\"><img loading=\"lazy\" decoding=\"async\" width=\"1024\" height=\"521\" src=\"https:\/\/cnctulua.tv\/wp-content\/uploads\/2024\/05\/conferencia-1024x521.png\" alt=\"\" class=\"wp-image-18639\" style=\"width:913px;height:auto\" srcset=\"https:\/\/cnctulua.tv\/wp-content\/uploads\/2024\/05\/conferencia-1024x521.png 1024w, https:\/\/cnctulua.tv\/wp-content\/uploads\/2024\/05\/conferencia-300x153.png 300w, https:\/\/cnctulua.tv\/wp-content\/uploads\/2024\/05\/conferencia-768x391.png 768w, https:\/\/cnctulua.tv\/wp-content\/uploads\/2024\/05\/conferencia.png 1156w\" sizes=\"auto, (max-width: 1024px) 100vw, 1024px\" \/><\/figure>\n\n\n\n<p>Por ello, la Gerencia del Hospital Departamental Tom\u00e1s Uribe Uribe est\u00e1 comprometida a abordar este tema de manera proactiva, brindando a su personal las herramientas y el conocimiento necesarios para identificar y prevenir el acoso laboral en todas sus formas.<\/p>\n\n\n\n<p>La capacitaci\u00f3n incluye informaci\u00f3n sobre los diferentes tipos de acoso laboral, los procedimientos para reportar incidentes, as\u00ed como estrategias para promover un ambiente de trabajo inclusivo y respetuoso.<\/p>\n\n\n\n<p>Con esta capacitaci\u00f3n sobre acoso laboral, el Hospital Departamental Tom\u00e1s Uribe Uribe reafirma su compromiso con el mejoramiento continuo en pos de la excelencia en la atenci\u00f3n asistencial y administrativa que brinda a la comunidad.<\/p>\n","protected":false},"excerpt":{"rendered":"<p>En un esfuerzo por promover un ambiente laboral saludable y evitar situaciones de acoso que puedan generar conflictos legales, la Gerencia del Hospital Departamental Tom\u00e1s Uribe Uribe ha implementado una nueva capacitaci\u00f3n sobre acoso laboral dirigida a todo su personal. La iniciativa surge en respuesta a la creciente conciencia sobre la importancia de crear espacios [&hellip;]<\/p>\n","protected":false},"author":3,"featured_media":18640,"comment_status":"open","ping_status":"open","sticky":false,"template":"","format":"video","meta":{"footnotes":""},"categories":[10],"tags":[],"class_list":["post-18638","post","type-post","status-publish","format-video","has-post-thumbnail","hentry","category-cnc-noticias-tulua","post_format-post-format-video"],"_links":{"self":[{"href":"https:\/\/cnctulua.tv\/index.php?rest_route=\/wp\/v2\/posts\/18638","targetHints":{"allow":["GET"]}}],"collection":[{"href":"https:\/\/cnctulua.tv\/index.php?rest_route=\/wp\/v2\/posts"}],"about":[{"href":"https:\/\/cnctulua.tv\/index.php?rest_route=\/wp\/v2\/types\/post"}],"author":[{"embeddable":true,"href":"https:\/\/cnctulua.tv\/index.php?rest_route=\/wp\/v2\/users\/3"}],"replies":[{"embeddable":true,"href":"https:\/\/cnctulua.tv\/index.php?rest_route=%2Fwp%2Fv2%2Fcomments&post=18638"}],"version-history":[{"count":1,"href":"https:\/\/cnctulua.tv\/index.php?rest_route=\/wp\/v2\/posts\/18638\/revisions"}],"predecessor-version":[{"id":18641,"href":"https:\/\/cnctulua.tv\/index.php?rest_route=\/wp\/v2\/posts\/18638\/revisions\/18641"}],"wp:featuredmedia":[{"embeddable":true,"href":"https:\/\/cnctulua.tv\/index.php?rest_route=\/wp\/v2\/media\/18640"}],"wp:attachment":[{"href":"https:\/\/cnctulua.tv\/index.php?rest_route=%2Fwp%2Fv2%2Fmedia&parent=18638"}],"wp:term":[{"taxonomy":"category","embeddable":true,"href":"https:\/\/cnctulua.tv\/index.php?rest_route=%2Fwp%2Fv2%2Fcategories&post=18638"},{"taxonomy":"post_tag","embeddable":true,"href":"https:\/\/cnctulua.tv\/index.php?rest_route=%2Fwp%2Fv2%2Ftags&post=18638"}],"curies":[{"name":"wp","href":"https:\/\/api.w.org\/{rel}","templated":true}]}}