{"id":18660,"date":"2024-05-03T14:48:42","date_gmt":"2024-05-03T14:48:42","guid":{"rendered":"https:\/\/cnctulua.tv\/?p=18660"},"modified":"2024-05-03T14:52:54","modified_gmt":"2024-05-03T14:52:54","slug":"autoridades-de-tulua-toman-medidas-para-proteger-predios-destinados-a-la-conservacion-natural","status":"publish","type":"post","link":"https:\/\/cnctulua.tv\/?p=18660","title":{"rendered":"AUTORIDADES DE TULU\u00c1 TOMAN MEDIDAS PARA PROTEGER PREDIOS DESTINADOS A LA CONSERVACI\u00d3N NATURAL."},"content":{"rendered":"\n<p>En un esfuerzo por preservar los valiosos recursos naturales de Tulu\u00e1, las autoridades locales han intensificado sus acciones para proteger los predios destinados a la conservaci\u00f3n natural en la regi\u00f3n.<\/p>\n\n\n\n<p>El Secretario de Gobierno de Tulu\u00e1, Jos\u00e9 Mart\u00edn Hincapi\u00e9 \u00c1lvarez, \u00ablos predios en la zona media y alta monta\u00f1a del municipio est\u00e1n destinados a la conservaci\u00f3n natural, a la conservaci\u00f3n de los afluentes h\u00eddricos, a los diferentes nacederos e incluso favorecen la producci\u00f3n de agua para \u00e1reas urbanas y rurales\u00bb.<\/p>\n\n\n\n<figure class=\"wp-block-embed is-type-video is-provider-youtube wp-block-embed-youtube wp-embed-aspect-16-9 wp-has-aspect-ratio\"><div class=\"wp-block-embed__wrapper\">\n<iframe loading=\"lazy\" title=\"Desalojo de predios invadidos: prioridad de la Secretar\u00eda de Gobierno del municipio de Tulu\u00e1.\" width=\"640\" height=\"360\" src=\"https:\/\/www.youtube.com\/embed\/A-H5VbFjoUs?feature=oembed\" frameborder=\"0\" allow=\"accelerometer; autoplay; clipboard-write; encrypted-media; gyroscope; picture-in-picture; web-share\" referrerpolicy=\"strict-origin-when-cross-origin\" allowfullscreen><\/iframe>\n<\/div><\/figure>\n\n\n\n<p>Sin embargo, recientemente se ha detectado una preocupante situaci\u00f3n en la comunidad de Liberia, donde \u00abalgunos predios han sido invadidos y se ha llevado a cabo deforestaci\u00f3n en zonas que deben permanecer totalmente aisladas\u00bb.<\/p>\n\n\n\n<p>Ante esta problem\u00e1tica, una comisi\u00f3n integrada por diversas entidades, incluyendo la Secretar\u00eda de Gobierno, la Inspecci\u00f3n de Polic\u00eda y gestores de convivencia, se ha desplegado para tomar medidas inmediatas. Seg\u00fan Hincapi\u00e9 \u00c1lvarez, \u00abes fundamental garantizar la protecci\u00f3n de estos predios, que son de uso exclusivo para las comunidades y no deben ser objeto de explotaci\u00f3n de recursos naturales\u00bb.<\/p>\n\n\n\n<figure class=\"wp-block-image size-large is-resized\"><img loading=\"lazy\" decoding=\"async\" width=\"1024\" height=\"768\" src=\"https:\/\/cnctulua.tv\/wp-content\/uploads\/2024\/05\/WhatsApp-Image-2024-05-03-at-8.35.39-AM-1-1024x768.jpeg\" alt=\"\" class=\"wp-image-18661\" style=\"width:918px;height:auto\" srcset=\"https:\/\/cnctulua.tv\/wp-content\/uploads\/2024\/05\/WhatsApp-Image-2024-05-03-at-8.35.39-AM-1-1024x768.jpeg 1024w, https:\/\/cnctulua.tv\/wp-content\/uploads\/2024\/05\/WhatsApp-Image-2024-05-03-at-8.35.39-AM-1-300x225.jpeg 300w, https:\/\/cnctulua.tv\/wp-content\/uploads\/2024\/05\/WhatsApp-Image-2024-05-03-at-8.35.39-AM-1-768x576.jpeg 768w, https:\/\/cnctulua.tv\/wp-content\/uploads\/2024\/05\/WhatsApp-Image-2024-05-03-at-8.35.39-AM-1-1536x1152.jpeg 1536w, https:\/\/cnctulua.tv\/wp-content\/uploads\/2024\/05\/WhatsApp-Image-2024-05-03-at-8.35.39-AM-1.jpeg 1440w\" sizes=\"auto, (max-width: 1024px) 100vw, 1024px\" \/><\/figure>\n\n\n\n<p>En caso de persistir las ocupaciones ilegales, se proceder\u00e1 al desalojo inmediato conforme a la ley 1801 de 2016, tambi\u00e9n conocida como el c\u00f3digo de seguridad y convivencia.<\/p>\n\n\n\n<p>Como parte de estas acciones, se llevar\u00e1 a cabo un exhaustivo recorrido por toda la zona media y alta monta\u00f1a de Tulu\u00e1 para verificar el estado de los predios adquiridos por el municipio, reafirmando el compromiso de proteger estos valiosos activos naturales para las generaciones futuras.<\/p>\n","protected":false},"excerpt":{"rendered":"<p>En un esfuerzo por preservar los valiosos recursos naturales de Tulu\u00e1, las autoridades locales han intensificado sus acciones para proteger los predios destinados a la conservaci\u00f3n natural en la regi\u00f3n. El Secretario de Gobierno de Tulu\u00e1, Jos\u00e9 Mart\u00edn Hincapi\u00e9 \u00c1lvarez, \u00ablos predios en la zona media y alta monta\u00f1a del municipio est\u00e1n destinados a la [&hellip;]<\/p>\n","protected":false},"author":3,"featured_media":18664,"comment_status":"open","ping_status":"open","sticky":false,"template":"","format":"video","meta":{"footnotes":""},"categories":[10],"tags":[],"class_list":["post-18660","post","type-post","status-publish","format-video","has-post-thumbnail","hentry","category-cnc-noticias-tulua","post_format-post-format-video"],"_links":{"self":[{"href":"https:\/\/cnctulua.tv\/index.php?rest_route=\/wp\/v2\/posts\/18660","targetHints":{"allow":["GET"]}}],"collection":[{"href":"https:\/\/cnctulua.tv\/index.php?rest_route=\/wp\/v2\/posts"}],"about":[{"href":"https:\/\/cnctulua.tv\/index.php?rest_route=\/wp\/v2\/types\/post"}],"author":[{"embeddable":true,"href":"https:\/\/cnctulua.tv\/index.php?rest_route=\/wp\/v2\/users\/3"}],"replies":[{"embeddable":true,"href":"https:\/\/cnctulua.tv\/index.php?rest_route=%2Fwp%2Fv2%2Fcomments&post=18660"}],"version-history":[{"count":1,"href":"https:\/\/cnctulua.tv\/index.php?rest_route=\/wp\/v2\/posts\/18660\/revisions"}],"predecessor-version":[{"id":18663,"href":"https:\/\/cnctulua.tv\/index.php?rest_route=\/wp\/v2\/posts\/18660\/revisions\/18663"}],"wp:featuredmedia":[{"embeddable":true,"href":"https:\/\/cnctulua.tv\/index.php?rest_route=\/wp\/v2\/media\/18664"}],"wp:attachment":[{"href":"https:\/\/cnctulua.tv\/index.php?rest_route=%2Fwp%2Fv2%2Fmedia&parent=18660"}],"wp:term":[{"taxonomy":"category","embeddable":true,"href":"https:\/\/cnctulua.tv\/index.php?rest_route=%2Fwp%2Fv2%2Fcategories&post=18660"},{"taxonomy":"post_tag","embeddable":true,"href":"https:\/\/cnctulua.tv\/index.php?rest_route=%2Fwp%2Fv2%2Ftags&post=18660"}],"curies":[{"name":"wp","href":"https:\/\/api.w.org\/{rel}","templated":true}]}}