{"id":18675,"date":"2024-05-03T15:32:52","date_gmt":"2024-05-03T15:32:52","guid":{"rendered":"https:\/\/cnctulua.tv\/?p=18675"},"modified":"2024-05-03T15:32:57","modified_gmt":"2024-05-03T15:32:57","slug":"programa-escuelas-culturales-vallecaucanas-abre-inscripciones-para-fortalecer-el-tejido-artistico-del-valle-del-cauca","status":"publish","type":"post","link":"https:\/\/cnctulua.tv\/?p=18675","title":{"rendered":"PROGRAMA \u00abESCUELAS CULTURALES VALLECAUCANAS\u00bb ABRE INSCRIPCIONES PARA FORTALECER EL TEJIDO ART\u00cdSTICO DEL VALLE DEL CAUCA."},"content":{"rendered":"\n<p>El Valle del Cauca da un paso significativo hacia el fomento y la promoci\u00f3n del arte y la cultura con la apertura de inscripciones para el programa \u00abEscuelas Culturales Vallecaucanas\u00bb. Esta iniciativa, impulsada por la Secretar\u00eda de Cultura del departamento, busca beneficiar a m\u00e1s de 40 mil personas y articular m\u00e1s de 50 aulas concertadas para trabajar de la mano con la comunidad.<\/p>\n\n\n\n<figure class=\"wp-block-embed is-type-video is-provider-youtube wp-block-embed-youtube wp-embed-aspect-16-9 wp-has-aspect-ratio\"><div class=\"wp-block-embed__wrapper\">\n<iframe loading=\"lazy\" title=\"El Valle abre inscripciones para programa Escuelas Culturales Vallecaucanas oportunidad para el arte\" width=\"640\" height=\"360\" src=\"https:\/\/www.youtube.com\/embed\/OMcf0RQn7Y8?feature=oembed\" frameborder=\"0\" allow=\"accelerometer; autoplay; clipboard-write; encrypted-media; gyroscope; picture-in-picture; web-share\" referrerpolicy=\"strict-origin-when-cross-origin\" allowfullscreen><\/iframe>\n<\/div><\/figure>\n\n\n\n<p>Desde la implementaci\u00f3n de la Gobernadora Dilian Francisca Toro durante su mandato anterior, el programa ha sido dise\u00f1ado para extender su alcance por todo el territorio del Valle del Cauca, ofreciendo oportunidades de formaci\u00f3n y desarrollo cultural a diversos sectores de la poblaci\u00f3n.<\/p>\n\n\n\n<p>La Secretaria de Cultura del Valle, Consuelo Bravo, resalta la importancia de esta iniciativa al afirmar que \u00aben esta ocasi\u00f3n, contamos con elementos que contribuyen al proceso efectivo de formaci\u00f3n. Tendremos residencias art\u00edsticas, un proceso integral de fortalecimiento y acompa\u00f1amiento de emprendimientos culturales, as\u00ed como el fomento de nuestra identidad Vallecaucana y la C\u00e1tedra Vallecaucana. De esta manera, generaremos una articulaci\u00f3n en los diferentes territorios de nuestro departamento\u00bb.<\/p>\n\n\n\n<figure class=\"wp-block-image size-large is-resized\"><img loading=\"lazy\" decoding=\"async\" width=\"1024\" height=\"768\" src=\"https:\/\/cnctulua.tv\/wp-content\/uploads\/2024\/05\/WhatsApp-Image-2024-04-30-at-2.28.16-PM-1-1024x768.jpeg\" alt=\"\" class=\"wp-image-18676\" style=\"width:893px;height:auto\" srcset=\"https:\/\/cnctulua.tv\/wp-content\/uploads\/2024\/05\/WhatsApp-Image-2024-04-30-at-2.28.16-PM-1-1024x768.jpeg 1024w, https:\/\/cnctulua.tv\/wp-content\/uploads\/2024\/05\/WhatsApp-Image-2024-04-30-at-2.28.16-PM-1-300x225.jpeg 300w, https:\/\/cnctulua.tv\/wp-content\/uploads\/2024\/05\/WhatsApp-Image-2024-04-30-at-2.28.16-PM-1-768x576.jpeg 768w, https:\/\/cnctulua.tv\/wp-content\/uploads\/2024\/05\/WhatsApp-Image-2024-04-30-at-2.28.16-PM-1.jpeg 1280w\" sizes=\"auto, (max-width: 1024px) 100vw, 1024px\" \/><\/figure>\n\n\n\n<p>Uno de los aspectos fundamentales de este nuevo proceso es la adquisici\u00f3n de nuevos conocimientos y su posterior implementaci\u00f3n y transmisi\u00f3n a trav\u00e9s de las aulas concertadas. Felipe Garces, l\u00edder del programa \u00abEscuelas Culturales Vallecaucanas\u00bb, destaca que \u00abvenimos con un proceso de formaci\u00f3n art\u00edstica no formal, que incluir\u00e1 diplomados, cursos y talleres en 8 l\u00edneas art\u00edsticas\u00bb.<\/p>\n\n\n\n<p>Los ciudadanos interesados en participar y fortalecer sus habilidades art\u00edsticas encontrar\u00e1n informaci\u00f3n detallada en la p\u00e1gina web de la Secretar\u00eda de Cultura del Valle o de la Gobernaci\u00f3n del departamento, en www.valledelcauca.gov.co\/cultura. Esta iniciativa representa una oportunidad \u00fanica para enriquecer el alma y contribuir al desarrollo cultural de la regi\u00f3n.<\/p>\n","protected":false},"excerpt":{"rendered":"<p>El Valle del Cauca da un paso significativo hacia el fomento y la promoci\u00f3n del arte y la cultura con la apertura de inscripciones para el programa \u00abEscuelas Culturales Vallecaucanas\u00bb. Esta iniciativa, impulsada por la Secretar\u00eda de Cultura del departamento, busca beneficiar a m\u00e1s de 40 mil personas y articular m\u00e1s de 50 aulas concertadas [&hellip;]<\/p>\n","protected":false},"author":3,"featured_media":18677,"comment_status":"open","ping_status":"open","sticky":false,"template":"","format":"video","meta":{"footnotes":""},"categories":[10],"tags":[],"class_list":["post-18675","post","type-post","status-publish","format-video","has-post-thumbnail","hentry","category-cnc-noticias-tulua","post_format-post-format-video"],"_links":{"self":[{"href":"https:\/\/cnctulua.tv\/index.php?rest_route=\/wp\/v2\/posts\/18675","targetHints":{"allow":["GET"]}}],"collection":[{"href":"https:\/\/cnctulua.tv\/index.php?rest_route=\/wp\/v2\/posts"}],"about":[{"href":"https:\/\/cnctulua.tv\/index.php?rest_route=\/wp\/v2\/types\/post"}],"author":[{"embeddable":true,"href":"https:\/\/cnctulua.tv\/index.php?rest_route=\/wp\/v2\/users\/3"}],"replies":[{"embeddable":true,"href":"https:\/\/cnctulua.tv\/index.php?rest_route=%2Fwp%2Fv2%2Fcomments&post=18675"}],"version-history":[{"count":1,"href":"https:\/\/cnctulua.tv\/index.php?rest_route=\/wp\/v2\/posts\/18675\/revisions"}],"predecessor-version":[{"id":18678,"href":"https:\/\/cnctulua.tv\/index.php?rest_route=\/wp\/v2\/posts\/18675\/revisions\/18678"}],"wp:featuredmedia":[{"embeddable":true,"href":"https:\/\/cnctulua.tv\/index.php?rest_route=\/wp\/v2\/media\/18677"}],"wp:attachment":[{"href":"https:\/\/cnctulua.tv\/index.php?rest_route=%2Fwp%2Fv2%2Fmedia&parent=18675"}],"wp:term":[{"taxonomy":"category","embeddable":true,"href":"https:\/\/cnctulua.tv\/index.php?rest_route=%2Fwp%2Fv2%2Fcategories&post=18675"},{"taxonomy":"post_tag","embeddable":true,"href":"https:\/\/cnctulua.tv\/index.php?rest_route=%2Fwp%2Fv2%2Ftags&post=18675"}],"curies":[{"name":"wp","href":"https:\/\/api.w.org\/{rel}","templated":true}]}}