{"id":18679,"date":"2024-05-03T16:06:01","date_gmt":"2024-05-03T16:06:01","guid":{"rendered":"https:\/\/cnctulua.tv\/?p=18679"},"modified":"2024-05-03T16:06:10","modified_gmt":"2024-05-03T16:06:10","slug":"una-jornada-de-descubrimiento-y-aprendizaje-ninos-de-andalucia-exploran-la-biblioteca-departamental-de-cali","status":"publish","type":"post","link":"https:\/\/cnctulua.tv\/?p=18679","title":{"rendered":"UNA JORNADA DE DESCUBRIMIENTO Y APRENDIZAJE: NI\u00d1OS DE ANDALUC\u00cdA EXPLORAN LA BIBLIOTECA DEPARTAMENTAL DE CALI."},"content":{"rendered":"\n<p>En una iniciativa que busca promover el acceso a la cultura y la educaci\u00f3n, 250 ni\u00f1os del municipio de Andaluc\u00eda disfrutaron de un d\u00eda inolvidable en la Biblioteca Departamental \u2018Jorge Garc\u00e9s Borrero\u2019 de Cali. Organizado con el apoyo de la alcald\u00eda local, este programa especial ofreci\u00f3 a los j\u00f3venes una amplia gama de actividades dise\u00f1adas para fomentar su desarrollo integral.<\/p>\n\n\n\n<figure class=\"wp-block-embed is-type-video is-provider-youtube wp-block-embed-youtube wp-embed-aspect-16-9 wp-has-aspect-ratio\"><div class=\"wp-block-embed__wrapper\">\n<iframe loading=\"lazy\" title=\"Explorando conocimiento: ni\u00f1os de Andaluc\u00eda en la Biblioteca de Cali viven una experiencia cultural.\" width=\"640\" height=\"360\" src=\"https:\/\/www.youtube.com\/embed\/AJUAE57N8LI?feature=oembed\" frameborder=\"0\" allow=\"accelerometer; autoplay; clipboard-write; encrypted-media; gyroscope; picture-in-picture; web-share\" referrerpolicy=\"strict-origin-when-cross-origin\" allowfullscreen><\/iframe>\n<\/div><\/figure>\n\n\n\n<p>Desde emocionantes recorridos por el Museo Interactivo hasta fascinantes observaciones astron\u00f3micas en el Observatorio, los ni\u00f1os se sumergieron en un mundo de conocimiento y diversi\u00f3n. La jornada tambi\u00e9n incluy\u00f3 representaciones de t\u00edteres y teatro, que cautivaron la imaginaci\u00f3n de los participantes.<\/p>\n\n\n\n<p>El director de la Biblioteca Departamental, Fernando Tamayo, destac\u00f3 la importancia de esta iniciativa piloto impulsada por la Gobernadora Dilian Francisca Toro. Tamayo se\u00f1al\u00f3 que el objetivo es replicar este programa en todos los municipios del Valle del Cauca, brindando oportunidades similares a m\u00e1s ni\u00f1os y j\u00f3venes.<\/p>\n\n\n\n<figure class=\"wp-block-image size-large is-resized\"><img loading=\"lazy\" decoding=\"async\" width=\"1024\" height=\"683\" src=\"https:\/\/cnctulua.tv\/wp-content\/uploads\/2024\/05\/WhatsApp-Image-2024-05-02-at-9.01.50-AM-1024x683.jpeg\" alt=\"\" class=\"wp-image-18680\" style=\"width:908px;height:auto\" srcset=\"https:\/\/cnctulua.tv\/wp-content\/uploads\/2024\/05\/WhatsApp-Image-2024-05-02-at-9.01.50-AM-1024x683.jpeg 1024w, https:\/\/cnctulua.tv\/wp-content\/uploads\/2024\/05\/WhatsApp-Image-2024-05-02-at-9.01.50-AM-300x200.jpeg 300w, https:\/\/cnctulua.tv\/wp-content\/uploads\/2024\/05\/WhatsApp-Image-2024-05-02-at-9.01.50-AM-768x512.jpeg 768w, https:\/\/cnctulua.tv\/wp-content\/uploads\/2024\/05\/WhatsApp-Image-2024-05-02-at-9.01.50-AM-1536x1024.jpeg 1536w, https:\/\/cnctulua.tv\/wp-content\/uploads\/2024\/05\/WhatsApp-Image-2024-05-02-at-9.01.50-AM-2048x1365.jpeg 2048w, https:\/\/cnctulua.tv\/wp-content\/uploads\/2024\/05\/WhatsApp-Image-2024-05-02-at-9.01.50-AM-scaled.jpeg 1620w\" sizes=\"auto, (max-width: 1024px) 100vw, 1024px\" \/><\/figure>\n\n\n\n<p>Los peque\u00f1os, junto con sus profesores e instructores, expresaron su gratitud y emoci\u00f3n por esta experiencia \u00fanica. Para muchos, fue su primera visita a la Biblioteca de Cali, y quedaron impresionados por la amplitud de las actividades y los espacios.<\/p>\n\n\n\n<p>Desde la Instituci\u00f3n Educativa Agr\u00edcola Campoalegre de Andaluc\u00eda, la docente Angie Tereza Ortiz elogi\u00f3 la actividad como una oportunidad valiosa para enriquecer la vida de los ni\u00f1os y celebrar el D\u00eda de la Ni\u00f1ez con experiencias significativas.<\/p>\n\n\n\n<p>La Biblioteca Departamental reafirma su compromiso de seguir abriendo sus puertas a todos los ni\u00f1os de la regi\u00f3n, ofreciendo un acceso inclusivo a la cultura y la educaci\u00f3n.<\/p>\n\n\n\n<figure class=\"wp-block-image size-large is-resized\"><img loading=\"lazy\" decoding=\"async\" width=\"1024\" height=\"683\" src=\"https:\/\/cnctulua.tv\/wp-content\/uploads\/2024\/05\/WhatsApp-Image-2024-05-02-at-9.01.52-AM-3-1024x683.jpeg\" alt=\"\" class=\"wp-image-18681\" style=\"width:896px;height:auto\" srcset=\"https:\/\/cnctulua.tv\/wp-content\/uploads\/2024\/05\/WhatsApp-Image-2024-05-02-at-9.01.52-AM-3-1024x683.jpeg 1024w, https:\/\/cnctulua.tv\/wp-content\/uploads\/2024\/05\/WhatsApp-Image-2024-05-02-at-9.01.52-AM-3-300x200.jpeg 300w, https:\/\/cnctulua.tv\/wp-content\/uploads\/2024\/05\/WhatsApp-Image-2024-05-02-at-9.01.52-AM-3-768x512.jpeg 768w, https:\/\/cnctulua.tv\/wp-content\/uploads\/2024\/05\/WhatsApp-Image-2024-05-02-at-9.01.52-AM-3-1536x1024.jpeg 1536w, https:\/\/cnctulua.tv\/wp-content\/uploads\/2024\/05\/WhatsApp-Image-2024-05-02-at-9.01.52-AM-3-2048x1365.jpeg 2048w, https:\/\/cnctulua.tv\/wp-content\/uploads\/2024\/05\/WhatsApp-Image-2024-05-02-at-9.01.52-AM-3-scaled.jpeg 1620w\" sizes=\"auto, (max-width: 1024px) 100vw, 1024px\" \/><\/figure>\n","protected":false},"excerpt":{"rendered":"<p>En una iniciativa que busca promover el acceso a la cultura y la educaci\u00f3n, 250 ni\u00f1os del municipio de Andaluc\u00eda disfrutaron de un d\u00eda inolvidable en la Biblioteca Departamental \u2018Jorge Garc\u00e9s Borrero\u2019 de Cali. Organizado con el apoyo de la alcald\u00eda local, este programa especial ofreci\u00f3 a los j\u00f3venes una amplia gama de actividades dise\u00f1adas [&hellip;]<\/p>\n","protected":false},"author":3,"featured_media":18682,"comment_status":"open","ping_status":"open","sticky":false,"template":"","format":"video","meta":{"footnotes":""},"categories":[10],"tags":[],"class_list":["post-18679","post","type-post","status-publish","format-video","has-post-thumbnail","hentry","category-cnc-noticias-tulua","post_format-post-format-video"],"_links":{"self":[{"href":"https:\/\/cnctulua.tv\/index.php?rest_route=\/wp\/v2\/posts\/18679","targetHints":{"allow":["GET"]}}],"collection":[{"href":"https:\/\/cnctulua.tv\/index.php?rest_route=\/wp\/v2\/posts"}],"about":[{"href":"https:\/\/cnctulua.tv\/index.php?rest_route=\/wp\/v2\/types\/post"}],"author":[{"embeddable":true,"href":"https:\/\/cnctulua.tv\/index.php?rest_route=\/wp\/v2\/users\/3"}],"replies":[{"embeddable":true,"href":"https:\/\/cnctulua.tv\/index.php?rest_route=%2Fwp%2Fv2%2Fcomments&post=18679"}],"version-history":[{"count":1,"href":"https:\/\/cnctulua.tv\/index.php?rest_route=\/wp\/v2\/posts\/18679\/revisions"}],"predecessor-version":[{"id":18683,"href":"https:\/\/cnctulua.tv\/index.php?rest_route=\/wp\/v2\/posts\/18679\/revisions\/18683"}],"wp:featuredmedia":[{"embeddable":true,"href":"https:\/\/cnctulua.tv\/index.php?rest_route=\/wp\/v2\/media\/18682"}],"wp:attachment":[{"href":"https:\/\/cnctulua.tv\/index.php?rest_route=%2Fwp%2Fv2%2Fmedia&parent=18679"}],"wp:term":[{"taxonomy":"category","embeddable":true,"href":"https:\/\/cnctulua.tv\/index.php?rest_route=%2Fwp%2Fv2%2Fcategories&post=18679"},{"taxonomy":"post_tag","embeddable":true,"href":"https:\/\/cnctulua.tv\/index.php?rest_route=%2Fwp%2Fv2%2Ftags&post=18679"}],"curies":[{"name":"wp","href":"https:\/\/api.w.org\/{rel}","templated":true}]}}