{"id":18687,"date":"2024-05-03T16:52:40","date_gmt":"2024-05-03T16:52:40","guid":{"rendered":"https:\/\/cnctulua.tv\/?p=18687"},"modified":"2024-05-03T16:52:45","modified_gmt":"2024-05-03T16:52:45","slug":"operacion-conjunta-neutraliza-actividad-minera-ilegal-en-parque-nacional-los-farallones","status":"publish","type":"post","link":"https:\/\/cnctulua.tv\/?p=18687","title":{"rendered":"OPERACI\u00d3N CONJUNTA NEUTRALIZA ACTIVIDAD MINERA ILEGAL EN PARQUE NACIONAL LOS FARALLONES."},"content":{"rendered":"\n<p>En una acci\u00f3n coordinada entre el Ej\u00e9rcito Nacional, la Polic\u00eda Nacional y miembros de Parques Nacionales, se ha llevado a cabo una operaci\u00f3n contundente para desmantelar actividades mineras ilegales en el emblem\u00e1tico Parque Nacional Natural Los Farallones de Cali, situado en el Valle del Cauca.<\/p>\n\n\n\n<figure class=\"wp-block-embed is-type-video is-provider-youtube wp-block-embed-youtube wp-embed-aspect-16-9 wp-has-aspect-ratio\"><div class=\"wp-block-embed__wrapper\">\n<iframe loading=\"lazy\" title=\"Desarticulaci\u00f3n del grupo delincuencial com\u00fan organizado &quot;Los Roa&quot; en Palmira.\" width=\"640\" height=\"360\" src=\"https:\/\/www.youtube.com\/embed\/SVczJeYbIY0?feature=oembed\" frameborder=\"0\" allow=\"accelerometer; autoplay; clipboard-write; encrypted-media; gyroscope; picture-in-picture; web-share\" referrerpolicy=\"strict-origin-when-cross-origin\" allowfullscreen><\/iframe>\n<\/div><\/figure>\n\n\n\n<p>En la vereda Alto del Buey, \u00e1rea protegida del mencionado parque, las autoridades lograron intervenir y neutralizar la explotaci\u00f3n il\u00edcita de dos yacimientos mineros, as\u00ed como desmantelar numerosos campamentos utilizados para albergar a quienes participaban en estas actividades ilegales.<\/p>\n\n\n\n<p>Durante el operativo, se incautaron importantes cantidades de explosivos, maquinaria pesada y sustancias altamente contaminantes, evidenciando la magnitud del da\u00f1o ambiental que se estaba perpetrando en la zona. M\u00e1s de 480 gramos de mercurio, 10 kilos de un explosivo similar al Anfo y cinco barras de Indugel fueron decomisados, junto con una variedad de equipos industriales empleados en la extracci\u00f3n ilegal de minerales.<\/p>\n\n\n\n<figure class=\"wp-block-image size-large is-resized\"><img loading=\"lazy\" decoding=\"async\" width=\"1024\" height=\"770\" src=\"https:\/\/cnctulua.tv\/wp-content\/uploads\/2024\/05\/WhatsApp-Image-2024-05-02-at-8.02.48-PM-1-1024x770.jpeg\" alt=\"\" class=\"wp-image-18688\" style=\"width:927px;height:auto\" srcset=\"https:\/\/cnctulua.tv\/wp-content\/uploads\/2024\/05\/WhatsApp-Image-2024-05-02-at-8.02.48-PM-1-1024x770.jpeg 1024w, https:\/\/cnctulua.tv\/wp-content\/uploads\/2024\/05\/WhatsApp-Image-2024-05-02-at-8.02.48-PM-1-300x226.jpeg 300w, https:\/\/cnctulua.tv\/wp-content\/uploads\/2024\/05\/WhatsApp-Image-2024-05-02-at-8.02.48-PM-1-768x578.jpeg 768w, https:\/\/cnctulua.tv\/wp-content\/uploads\/2024\/05\/WhatsApp-Image-2024-05-02-at-8.02.48-PM-1.jpeg 1280w\" sizes=\"auto, (max-width: 1024px) 100vw, 1024px\" \/><\/figure>\n\n\n\n<p>El liderazgo del Batall\u00f3n de Alta Monta\u00f1a N.\u00b0 3 de la Tercera Brigada fue fundamental en esta operaci\u00f3n, que forma parte de una estrategia integral para preservar los recursos naturales y proteger el medio ambiente en Colombia. La continuidad de estas acciones demuestra el compromiso sostenido del Ej\u00e9rcito Nacional en la conservaci\u00f3n de los ecosistemas vulnerables del pa\u00eds.<\/p>\n\n\n\n<p>Es fundamental subrayar que la responsabilidad en la protecci\u00f3n del medio ambiente es compartida por todas las instituciones, y esta operaci\u00f3n es un claro ejemplo de la colaboraci\u00f3n interinstitucional necesaria para enfrentar los desaf\u00edos ambientales en el pa\u00eds.<\/p>\n","protected":false},"excerpt":{"rendered":"<p>En una acci\u00f3n coordinada entre el Ej\u00e9rcito Nacional, la Polic\u00eda Nacional y miembros de Parques Nacionales, se ha llevado a cabo una operaci\u00f3n contundente para desmantelar actividades mineras ilegales en el emblem\u00e1tico Parque Nacional Natural Los Farallones de Cali, situado en el Valle del Cauca. En la vereda Alto del Buey, \u00e1rea protegida del mencionado [&hellip;]<\/p>\n","protected":false},"author":3,"featured_media":18689,"comment_status":"open","ping_status":"open","sticky":false,"template":"","format":"video","meta":{"footnotes":""},"categories":[10],"tags":[],"class_list":["post-18687","post","type-post","status-publish","format-video","has-post-thumbnail","hentry","category-cnc-noticias-tulua","post_format-post-format-video"],"_links":{"self":[{"href":"https:\/\/cnctulua.tv\/index.php?rest_route=\/wp\/v2\/posts\/18687","targetHints":{"allow":["GET"]}}],"collection":[{"href":"https:\/\/cnctulua.tv\/index.php?rest_route=\/wp\/v2\/posts"}],"about":[{"href":"https:\/\/cnctulua.tv\/index.php?rest_route=\/wp\/v2\/types\/post"}],"author":[{"embeddable":true,"href":"https:\/\/cnctulua.tv\/index.php?rest_route=\/wp\/v2\/users\/3"}],"replies":[{"embeddable":true,"href":"https:\/\/cnctulua.tv\/index.php?rest_route=%2Fwp%2Fv2%2Fcomments&post=18687"}],"version-history":[{"count":1,"href":"https:\/\/cnctulua.tv\/index.php?rest_route=\/wp\/v2\/posts\/18687\/revisions"}],"predecessor-version":[{"id":18690,"href":"https:\/\/cnctulua.tv\/index.php?rest_route=\/wp\/v2\/posts\/18687\/revisions\/18690"}],"wp:featuredmedia":[{"embeddable":true,"href":"https:\/\/cnctulua.tv\/index.php?rest_route=\/wp\/v2\/media\/18689"}],"wp:attachment":[{"href":"https:\/\/cnctulua.tv\/index.php?rest_route=%2Fwp%2Fv2%2Fmedia&parent=18687"}],"wp:term":[{"taxonomy":"category","embeddable":true,"href":"https:\/\/cnctulua.tv\/index.php?rest_route=%2Fwp%2Fv2%2Fcategories&post=18687"},{"taxonomy":"post_tag","embeddable":true,"href":"https:\/\/cnctulua.tv\/index.php?rest_route=%2Fwp%2Fv2%2Ftags&post=18687"}],"curies":[{"name":"wp","href":"https:\/\/api.w.org\/{rel}","templated":true}]}}