{"id":19834,"date":"2024-05-27T19:34:07","date_gmt":"2024-05-27T19:34:07","guid":{"rendered":"https:\/\/cnctulua.tv\/?p=19834"},"modified":"2024-05-27T19:34:12","modified_gmt":"2024-05-27T19:34:12","slug":"en-operativos-simultaneos-en-cali-y-pitalito-capturan-a-dos-presuntos-miembros-de-la-estructura-teofilo-forero","status":"publish","type":"post","link":"https:\/\/cnctulua.tv\/?p=19834","title":{"rendered":"EN OPERATIVOS SIMULT\u00c1NEOS EN CALI Y PITALITO, CAPTURAN A DOS PRESUNTOS MIEMBROS DE LA ESTRUCTURA TE\u00d3FILO FORERO."},"content":{"rendered":"\n<p>En una operaci\u00f3n conjunta que representa un significativo golpe al crimen organizado, las autoridades han capturado a dos presuntos integrantes de la estructura Te\u00f3filo Forero, perteneciente al grupo armado organizado residual Segunda Marquetalia. Las detenciones se realizaron en la ciudad de Cali (Valle del Cauca) y en el municipio de Pitalito (Huila), siguiendo \u00f3rdenes judiciales por una serie de delitos graves, incluyendo homicidio, concierto para delinquir, terrorismo, extorsi\u00f3n, utilizaci\u00f3n ilegal de uniformes e insignias, y fabricaci\u00f3n, tr\u00e1fico y porte de armas y municiones de uso restringido.<\/p>\n\n\n\n<figure class=\"wp-block-embed is-type-video is-provider-youtube wp-block-embed-youtube wp-embed-aspect-16-9 wp-has-aspect-ratio\"><div class=\"wp-block-embed__wrapper\">\n<iframe loading=\"lazy\" title=\"Capturan a dos presuntos miembros de la estructura Te\u00f3filo Forero en Cali y Pitalito.\" width=\"640\" height=\"360\" src=\"https:\/\/www.youtube.com\/embed\/6e3kAPq-Z2o?feature=oembed\" frameborder=\"0\" allow=\"accelerometer; autoplay; clipboard-write; encrypted-media; gyroscope; picture-in-picture; web-share\" referrerpolicy=\"strict-origin-when-cross-origin\" allowfullscreen><\/iframe>\n<\/div><\/figure>\n\n\n\n<p><\/p>\n\n\n\n<p>La primera captura tuvo lugar en el sur de Cali, donde Luis \u00c1ngel Pencue L\u00f3pez, alias \u201cChicharra\u201d, fue detenido. Alias \u201cChicharra\u201d es identificado como cabecilla de la red de apoyo de la estructura Te\u00f3filo Forero y hombre de confianza de alias \u201cEdwin\u201d o \u201cChicharr\u00f3n\u201d, l\u00edder principal de esta organizaci\u00f3n criminal en Caquet\u00e1. Las investigaciones revelaron que \u201cChicharra\u201d se hab\u00eda refugiado en el barrio Charco Azul de Cali para evadir una orden de captura en su contra. Desde esta ubicaci\u00f3n, coordinaba la adquisici\u00f3n de medios de comunicaci\u00f3n, armas de fuego, municiones y explosivos, que luego eran enviados al departamento del Caquet\u00e1.<\/p>\n\n\n\n<p>Durante el proceso investigativo, se determin\u00f3 la implicaci\u00f3n de \u201cChicharra\u201d en un homicidio colectivo ocurrido en abril de 2023 en Florencia (Caquet\u00e1), donde murieron Edwin Zotelo, Nelson Qui\u00f1onez y Fredys Serme\u00f1os. Las v\u00edctimas eran se\u00f1aladas por \u201cChicharra\u201d de realizar cobros extorsivos en nombre de la Segunda Marquetalia.<\/p>\n\n\n\n<figure class=\"wp-block-image size-large is-resized\"><img loading=\"lazy\" decoding=\"async\" width=\"1024\" height=\"804\" src=\"https:\/\/cnctulua.tv\/wp-content\/uploads\/2024\/05\/WhatsApp-Image-2024-05-25-at-8.07.55-AM-1024x804.jpeg\" alt=\"\" class=\"wp-image-19835\" style=\"width:895px;height:auto\" srcset=\"https:\/\/cnctulua.tv\/wp-content\/uploads\/2024\/05\/WhatsApp-Image-2024-05-25-at-8.07.55-AM-1024x804.jpeg 1024w, https:\/\/cnctulua.tv\/wp-content\/uploads\/2024\/05\/WhatsApp-Image-2024-05-25-at-8.07.55-AM-300x235.jpeg 300w, https:\/\/cnctulua.tv\/wp-content\/uploads\/2024\/05\/WhatsApp-Image-2024-05-25-at-8.07.55-AM-768x603.jpeg 768w, https:\/\/cnctulua.tv\/wp-content\/uploads\/2024\/05\/WhatsApp-Image-2024-05-25-at-8.07.55-AM.jpeg 1384w\" sizes=\"auto, (max-width: 1024px) 100vw, 1024px\" \/><\/figure>\n\n\n\n<p>Simult\u00e1neamente, en el barrio San Antonio de Pitalito, Huila, fue detenido Juan Camilo Tovar Diosa, alias \u201cDilan\u201d. Este presunto explosivista operaba en varios municipios de Caquet\u00e1 y Huila. Alias \u201cDilan\u201d fue capturado mientras se recuperaba de graves heridas provocadas por uno de sus propios campos minados. En noviembre de 2023, despu\u00e9s de haber instalado varios explosivos en Puerto Rico (Caquet\u00e1) con la intenci\u00f3n de atacar al Ej\u00e9rcito Nacional, uno de sus c\u00f3mplices activ\u00f3 accidentalmente el campo minado, resultando en la muerte de dos miembros de la organizaci\u00f3n y en lesiones a \u201cDilan\u201d.<\/p>\n\n\n\n<figure class=\"wp-block-image size-large is-resized\"><img loading=\"lazy\" decoding=\"async\" width=\"1024\" height=\"806\" src=\"https:\/\/cnctulua.tv\/wp-content\/uploads\/2024\/05\/WhatsApp-Image-2024-05-25-at-8.07.53-AM-1024x806.jpeg\" alt=\"\" class=\"wp-image-19836\" style=\"width:928px;height:auto\" srcset=\"https:\/\/cnctulua.tv\/wp-content\/uploads\/2024\/05\/WhatsApp-Image-2024-05-25-at-8.07.53-AM-1024x806.jpeg 1024w, https:\/\/cnctulua.tv\/wp-content\/uploads\/2024\/05\/WhatsApp-Image-2024-05-25-at-8.07.53-AM-300x236.jpeg 300w, https:\/\/cnctulua.tv\/wp-content\/uploads\/2024\/05\/WhatsApp-Image-2024-05-25-at-8.07.53-AM-768x605.jpeg 768w, https:\/\/cnctulua.tv\/wp-content\/uploads\/2024\/05\/WhatsApp-Image-2024-05-25-at-8.07.53-AM.jpeg 1382w\" sizes=\"auto, (max-width: 1024px) 100vw, 1024px\" \/><\/figure>\n\n\n\n<p>El coronel Edwin Masleider Urrego Pedraza, Director de la DIJIN, destac\u00f3 la experiencia de alias \u201cDilan\u201d en la manipulaci\u00f3n y activaci\u00f3n de artefactos explosivos improvisados y campos minados. Adem\u00e1s, revel\u00f3 que \u201cDilan\u201d es hermano de alias \u201cAndr\u00e9s Jaramillo\u201d o \u201cChilingo\u201d, excabecilla financiero de la estructura Te\u00f3filo Forero, quien fue abatido en mayo de 2024 durante una operaci\u00f3n policial y militar en Bel\u00e9n de los Andaqu\u00edes (Caquet\u00e1).<\/p>\n\n\n\n<p>Las detenciones de alias \u201cChicharra\u201d y \u201cDilan\u201d marcan un avance significativo en la lucha contra el crimen organizado y la desarticulaci\u00f3n de la estructura Te\u00f3filo Forero. Las autoridades contin\u00faan las investigaciones para desmantelar completamente esta red criminal y asegurar que los responsables enfrenten la justicia.<\/p>\n","protected":false},"excerpt":{"rendered":"<p>En una operaci\u00f3n conjunta que representa un significativo golpe al crimen organizado, las autoridades han capturado a dos presuntos integrantes de la estructura Te\u00f3filo Forero, perteneciente al grupo armado organizado residual Segunda Marquetalia. Las detenciones se realizaron en la ciudad de Cali (Valle del Cauca) y en el municipio de Pitalito (Huila), siguiendo \u00f3rdenes judiciales [&hellip;]<\/p>\n","protected":false},"author":3,"featured_media":19837,"comment_status":"open","ping_status":"open","sticky":false,"template":"","format":"video","meta":{"footnotes":""},"categories":[10],"tags":[],"class_list":["post-19834","post","type-post","status-publish","format-video","has-post-thumbnail","hentry","category-cnc-noticias-tulua","post_format-post-format-video"],"_links":{"self":[{"href":"https:\/\/cnctulua.tv\/index.php?rest_route=\/wp\/v2\/posts\/19834","targetHints":{"allow":["GET"]}}],"collection":[{"href":"https:\/\/cnctulua.tv\/index.php?rest_route=\/wp\/v2\/posts"}],"about":[{"href":"https:\/\/cnctulua.tv\/index.php?rest_route=\/wp\/v2\/types\/post"}],"author":[{"embeddable":true,"href":"https:\/\/cnctulua.tv\/index.php?rest_route=\/wp\/v2\/users\/3"}],"replies":[{"embeddable":true,"href":"https:\/\/cnctulua.tv\/index.php?rest_route=%2Fwp%2Fv2%2Fcomments&post=19834"}],"version-history":[{"count":1,"href":"https:\/\/cnctulua.tv\/index.php?rest_route=\/wp\/v2\/posts\/19834\/revisions"}],"predecessor-version":[{"id":19838,"href":"https:\/\/cnctulua.tv\/index.php?rest_route=\/wp\/v2\/posts\/19834\/revisions\/19838"}],"wp:featuredmedia":[{"embeddable":true,"href":"https:\/\/cnctulua.tv\/index.php?rest_route=\/wp\/v2\/media\/19837"}],"wp:attachment":[{"href":"https:\/\/cnctulua.tv\/index.php?rest_route=%2Fwp%2Fv2%2Fmedia&parent=19834"}],"wp:term":[{"taxonomy":"category","embeddable":true,"href":"https:\/\/cnctulua.tv\/index.php?rest_route=%2Fwp%2Fv2%2Fcategories&post=19834"},{"taxonomy":"post_tag","embeddable":true,"href":"https:\/\/cnctulua.tv\/index.php?rest_route=%2Fwp%2Fv2%2Ftags&post=19834"}],"curies":[{"name":"wp","href":"https:\/\/api.w.org\/{rel}","templated":true}]}}