{"id":19839,"date":"2024-05-27T20:05:04","date_gmt":"2024-05-27T20:05:04","guid":{"rendered":"https:\/\/cnctulua.tv\/?p=19839"},"modified":"2024-05-27T20:05:09","modified_gmt":"2024-05-27T20:05:09","slug":"capturado-por-abuso-sexual-infantil-en-san-pedro-valle-la-policia-actua-bajo-la-estrategia-e-pais","status":"publish","type":"post","link":"https:\/\/cnctulua.tv\/?p=19839","title":{"rendered":"CAPTURADO POR ABUSO SEXUAL INFANTIL EN SAN PEDRO, VALLE: LA POLIC\u00cdA ACT\u00daA BAJO LA ESTRATEGIA E-PAIS."},"content":{"rendered":"\n<p>En un caso de abuso sexual infantil, la Polic\u00eda de Infancia y Adolescencia captur\u00f3 a un hombre de 77 a\u00f1os, acusado de haber abusado de un menor de 9 a\u00f1os. Este suceso fue esclarecido en el marco del nuevo modelo del Servicio de Polic\u00eda orientado a las Personas y a los Territorios, y alineado con la estrategia E-PAIS.<\/p>\n\n\n\n<p><\/p>\n\n\n\n<figure class=\"wp-block-embed is-type-video is-provider-youtube wp-block-embed-youtube wp-embed-aspect-16-9 wp-has-aspect-ratio\"><div class=\"wp-block-embed__wrapper\">\n<iframe loading=\"lazy\" title=\"Polic\u00eda de Infancia y Adolescencia captura a vecino por caso de abuso sexual infantil en San Pedro.\" width=\"640\" height=\"360\" src=\"https:\/\/www.youtube.com\/embed\/5uXjHJp77e4?feature=oembed\" frameborder=\"0\" allow=\"accelerometer; autoplay; clipboard-write; encrypted-media; gyroscope; picture-in-picture; web-share\" referrerpolicy=\"strict-origin-when-cross-origin\" allowfullscreen><\/iframe>\n<\/div><\/figure>\n\n\n\n<p>El capturado, quien ten\u00eda una estrecha relaci\u00f3n de confianza con los padres de la v\u00edctima, aprovech\u00f3 esta cercan\u00eda para cometer el repudiable acto. La orden de captura emitida por el delito de actos sexuales con menor de 14 a\u00f1os se cumpli\u00f3 exitosamente, brindando un paso crucial en la b\u00fasqueda de justicia para la joven v\u00edctima.<\/p>\n\n\n\n<figure class=\"wp-block-image size-large\"><img loading=\"lazy\" decoding=\"async\" width=\"1024\" height=\"597\" src=\"https:\/\/cnctulua.tv\/wp-content\/uploads\/2024\/05\/Captura-actos-1024x597.png\" alt=\"\" class=\"wp-image-19840\" srcset=\"https:\/\/cnctulua.tv\/wp-content\/uploads\/2024\/05\/Captura-actos-1024x597.png 1024w, https:\/\/cnctulua.tv\/wp-content\/uploads\/2024\/05\/Captura-actos-300x175.png 300w, https:\/\/cnctulua.tv\/wp-content\/uploads\/2024\/05\/Captura-actos-768x448.png 768w, https:\/\/cnctulua.tv\/wp-content\/uploads\/2024\/05\/Captura-actos.png 1122w\" sizes=\"auto, (max-width: 1024px) 100vw, 1024px\" \/><\/figure>\n\n\n\n<p>Los hechos salieron a la luz en octubre de 2023, cuando la madre del menor denunci\u00f3 al presunto agresor tras descubrir los abusos cometidos contra su hijo. Estos abusos ocurrieron en el Corregimiento Los Chancos, en el Municipio de San Pedro, donde el hombre, aprovechando su posici\u00f3n como vecino, toc\u00f3 las partes \u00edntimas del ni\u00f1o en contra de su voluntad.<\/p>\n\n\n\n<p>La captura y posterior entrega del acusado a la Fiscal\u00eda General de la Naci\u00f3n son resultado de un trabajo diligente y comprometido por parte de la Polic\u00eda. Un juez de control de garant\u00edas dict\u00f3 medida de aseguramiento en un centro carcelario para el capturado, mientras se adelantan los procedimientos judiciales correspondientes. Este caso subraya la importancia de la denuncia oportuna y la acci\u00f3n r\u00e1pida de las autoridades para proteger a los menores y llevar a los responsables ante la justicia.<\/p>\n","protected":false},"excerpt":{"rendered":"<p>En un caso de abuso sexual infantil, la Polic\u00eda de Infancia y Adolescencia captur\u00f3 a un hombre de 77 a\u00f1os, acusado de haber abusado de un menor de 9 a\u00f1os. Este suceso fue esclarecido en el marco del nuevo modelo del Servicio de Polic\u00eda orientado a las Personas y a los Territorios, y alineado con [&hellip;]<\/p>\n","protected":false},"author":3,"featured_media":19841,"comment_status":"open","ping_status":"open","sticky":false,"template":"","format":"video","meta":{"footnotes":""},"categories":[10],"tags":[],"class_list":["post-19839","post","type-post","status-publish","format-video","has-post-thumbnail","hentry","category-cnc-noticias-tulua","post_format-post-format-video"],"_links":{"self":[{"href":"https:\/\/cnctulua.tv\/index.php?rest_route=\/wp\/v2\/posts\/19839","targetHints":{"allow":["GET"]}}],"collection":[{"href":"https:\/\/cnctulua.tv\/index.php?rest_route=\/wp\/v2\/posts"}],"about":[{"href":"https:\/\/cnctulua.tv\/index.php?rest_route=\/wp\/v2\/types\/post"}],"author":[{"embeddable":true,"href":"https:\/\/cnctulua.tv\/index.php?rest_route=\/wp\/v2\/users\/3"}],"replies":[{"embeddable":true,"href":"https:\/\/cnctulua.tv\/index.php?rest_route=%2Fwp%2Fv2%2Fcomments&post=19839"}],"version-history":[{"count":1,"href":"https:\/\/cnctulua.tv\/index.php?rest_route=\/wp\/v2\/posts\/19839\/revisions"}],"predecessor-version":[{"id":19842,"href":"https:\/\/cnctulua.tv\/index.php?rest_route=\/wp\/v2\/posts\/19839\/revisions\/19842"}],"wp:featuredmedia":[{"embeddable":true,"href":"https:\/\/cnctulua.tv\/index.php?rest_route=\/wp\/v2\/media\/19841"}],"wp:attachment":[{"href":"https:\/\/cnctulua.tv\/index.php?rest_route=%2Fwp%2Fv2%2Fmedia&parent=19839"}],"wp:term":[{"taxonomy":"category","embeddable":true,"href":"https:\/\/cnctulua.tv\/index.php?rest_route=%2Fwp%2Fv2%2Fcategories&post=19839"},{"taxonomy":"post_tag","embeddable":true,"href":"https:\/\/cnctulua.tv\/index.php?rest_route=%2Fwp%2Fv2%2Ftags&post=19839"}],"curies":[{"name":"wp","href":"https:\/\/api.w.org\/{rel}","templated":true}]}}