{"id":19843,"date":"2024-05-27T20:33:49","date_gmt":"2024-05-27T20:33:49","guid":{"rendered":"https:\/\/cnctulua.tv\/?p=19843"},"modified":"2024-05-27T20:33:53","modified_gmt":"2024-05-27T20:33:53","slug":"en-el-valle-del-cauca-tropas-del-ejercito-desmantelan-vallas-del-grupo-armado-organizado-residual-gao-r-adan-izquierdo","status":"publish","type":"post","link":"https:\/\/cnctulua.tv\/?p=19843","title":{"rendered":"EN EL VALLE DEL CAUCA TROPAS DEL EJ\u00c9RCITO DESMANTELAN VALLAS DEL GRUPO ARMADO ORGANIZADO RESIDUAL, GAO-R, AD\u00c1N IZQUIERDO."},"content":{"rendered":"\n<p>En una acci\u00f3n decidida por parte del Batall\u00f3n de Artiller\u00eda de Campa\u00f1a N.\u00b0 3 Batalla de Palac\u00e9 de la Tercera Brigada del Ej\u00e9rcito Nacional, se logr\u00f3 desactivar una serie de vallas alusivas al grupo armado organizado residual, GAO-r, Ad\u00e1n Izquierdo, en la zona rural de la vereda Buenos Aires del municipio de San Pedro, en el centro del Valle del Cauca.<\/p>\n\n\n\n<p><\/p>\n\n\n\n<figure class=\"wp-block-embed is-type-video is-provider-youtube wp-block-embed-youtube wp-embed-aspect-16-9 wp-has-aspect-ratio\"><div class=\"wp-block-embed__wrapper\">\n<iframe loading=\"lazy\" title=\"En  San Pedro, Valle, tropas del Ej\u00e9rcito desmantelan vallas del grupo armado Gao-R Ad\u00e1n Izquierdo.\" width=\"640\" height=\"360\" src=\"https:\/\/www.youtube.com\/embed\/y3Fk8ng-dMY?feature=oembed\" frameborder=\"0\" allow=\"accelerometer; autoplay; clipboard-write; encrypted-media; gyroscope; picture-in-picture; web-share\" referrerpolicy=\"strict-origin-when-cross-origin\" allowfullscreen><\/iframe>\n<\/div><\/figure>\n\n\n\n<p>Estas vallas, cuya presencia buscaba sembrar temor e inquietud entre los habitantes de la comunidad local, fueron localizadas y retiradas con \u00e9xito por las tropas, en un claro mensaje de firmeza y compromiso por parte del Ej\u00e9rcito en la lucha contra grupos armados ilegales que afectan la seguridad y tranquilidad de la regi\u00f3n.<\/p>\n\n\n\n<figure class=\"wp-block-image size-large is-resized\"><img loading=\"lazy\" decoding=\"async\" width=\"576\" height=\"1024\" src=\"https:\/\/cnctulua.tv\/wp-content\/uploads\/2024\/05\/WhatsApp-Image-2024-05-26-at-9.32.35-AM-576x1024.jpeg\" alt=\"\" class=\"wp-image-19844\" style=\"width:898px;height:auto\" srcset=\"https:\/\/cnctulua.tv\/wp-content\/uploads\/2024\/05\/WhatsApp-Image-2024-05-26-at-9.32.35-AM-576x1024.jpeg 576w, https:\/\/cnctulua.tv\/wp-content\/uploads\/2024\/05\/WhatsApp-Image-2024-05-26-at-9.32.35-AM-169x300.jpeg 169w, https:\/\/cnctulua.tv\/wp-content\/uploads\/2024\/05\/WhatsApp-Image-2024-05-26-at-9.32.35-AM.jpeg 608w\" sizes=\"auto, (max-width: 576px) 100vw, 576px\" \/><\/figure>\n\n\n\n<p>La operaci\u00f3n, que forma parte de las acciones permanentes de patrullaje y vigilancia en diversos sectores urbanos y rurales del departamento, evidencia el compromiso continuo del Ej\u00e9rcito Nacional en garantizar la seguridad de la poblaci\u00f3n y contrarrestar cualquier actividad delictiva que amenace la estabilidad de la regi\u00f3n.<\/p>\n\n\n\n<p>Se hace un llamado a la comunidad del Valle del Cauca a colaborar activamente con las autoridades denunciando cualquier actividad sospechosa o amenaza a trav\u00e9s de la l\u00ednea 107 contra el terrorismo, reafirmando as\u00ed la importancia de la participaci\u00f3n ciudadana en la construcci\u00f3n de un entorno seguro y pac\u00edfico para todos.<\/p>\n","protected":false},"excerpt":{"rendered":"<p>En una acci\u00f3n decidida por parte del Batall\u00f3n de Artiller\u00eda de Campa\u00f1a N.\u00b0 3 Batalla de Palac\u00e9 de la Tercera Brigada del Ej\u00e9rcito Nacional, se logr\u00f3 desactivar una serie de vallas alusivas al grupo armado organizado residual, GAO-r, Ad\u00e1n Izquierdo, en la zona rural de la vereda Buenos Aires del municipio de San Pedro, en [&hellip;]<\/p>\n","protected":false},"author":3,"featured_media":19845,"comment_status":"open","ping_status":"open","sticky":false,"template":"","format":"video","meta":{"footnotes":""},"categories":[10],"tags":[],"class_list":["post-19843","post","type-post","status-publish","format-video","has-post-thumbnail","hentry","category-cnc-noticias-tulua","post_format-post-format-video"],"_links":{"self":[{"href":"https:\/\/cnctulua.tv\/index.php?rest_route=\/wp\/v2\/posts\/19843","targetHints":{"allow":["GET"]}}],"collection":[{"href":"https:\/\/cnctulua.tv\/index.php?rest_route=\/wp\/v2\/posts"}],"about":[{"href":"https:\/\/cnctulua.tv\/index.php?rest_route=\/wp\/v2\/types\/post"}],"author":[{"embeddable":true,"href":"https:\/\/cnctulua.tv\/index.php?rest_route=\/wp\/v2\/users\/3"}],"replies":[{"embeddable":true,"href":"https:\/\/cnctulua.tv\/index.php?rest_route=%2Fwp%2Fv2%2Fcomments&post=19843"}],"version-history":[{"count":1,"href":"https:\/\/cnctulua.tv\/index.php?rest_route=\/wp\/v2\/posts\/19843\/revisions"}],"predecessor-version":[{"id":19846,"href":"https:\/\/cnctulua.tv\/index.php?rest_route=\/wp\/v2\/posts\/19843\/revisions\/19846"}],"wp:featuredmedia":[{"embeddable":true,"href":"https:\/\/cnctulua.tv\/index.php?rest_route=\/wp\/v2\/media\/19845"}],"wp:attachment":[{"href":"https:\/\/cnctulua.tv\/index.php?rest_route=%2Fwp%2Fv2%2Fmedia&parent=19843"}],"wp:term":[{"taxonomy":"category","embeddable":true,"href":"https:\/\/cnctulua.tv\/index.php?rest_route=%2Fwp%2Fv2%2Fcategories&post=19843"},{"taxonomy":"post_tag","embeddable":true,"href":"https:\/\/cnctulua.tv\/index.php?rest_route=%2Fwp%2Fv2%2Ftags&post=19843"}],"curies":[{"name":"wp","href":"https:\/\/api.w.org\/{rel}","templated":true}]}}