{"id":19850,"date":"2024-05-28T15:52:23","date_gmt":"2024-05-28T15:52:23","guid":{"rendered":"https:\/\/cnctulua.tv\/?p=19850"},"modified":"2024-05-28T15:52:28","modified_gmt":"2024-05-28T15:52:28","slug":"gobernacion-del-valle-del-cauca-y-alcaldias-se-unen-para-enfrentar-la-temporada-de-lluvias-y-el-fenomeno-de-la-nina","status":"publish","type":"post","link":"https:\/\/cnctulua.tv\/?p=19850","title":{"rendered":"GOBERNACI\u00d3N DEL VALLE DEL CAUCA Y ALCALD\u00cdAS SE UNEN PARA ENFRENTAR LA TEMPORADA DE LLUVIAS Y EL FEN\u00d3MENO DE LA &#8216;NI\u00d1A&#8217;."},"content":{"rendered":"\n<p>En un trabajo conjunto entre la Gobernaci\u00f3n del Valle del Cauca y las alcald\u00edas municipales, se est\u00e1n llevando a cabo importantes medidas preventivas para enfrentar la pr\u00f3xima temporada de lluvias y el Fen\u00f3meno de la &#8216;Ni\u00f1a&#8217;. Conscientes de los posibles desaf\u00edos que podr\u00edan surgir debido a las condiciones clim\u00e1ticas, se han puesto en marcha acciones coordinadas para garantizar la seguridad y el bienestar de los habitantes del departamento.<\/p>\n\n\n\n<figure class=\"wp-block-embed is-type-video is-provider-youtube wp-block-embed-youtube wp-embed-aspect-16-9 wp-has-aspect-ratio\"><div class=\"wp-block-embed__wrapper\">\n<iframe loading=\"lazy\" title=\"Preparativos en el Valle del Cauca para enfrentar la temporada de lluvias y el Fen\u00f3meno de la &#039;Ni\u00f1a&#039;\" width=\"640\" height=\"360\" src=\"https:\/\/www.youtube.com\/embed\/Fj1q3QkUYxE?feature=oembed\" frameborder=\"0\" allow=\"accelerometer; autoplay; clipboard-write; encrypted-media; gyroscope; picture-in-picture; web-share\" referrerpolicy=\"strict-origin-when-cross-origin\" allowfullscreen><\/iframe>\n<\/div><\/figure>\n\n\n\n<p><\/p>\n\n\n\n<p>Bajo la direcci\u00f3n de Francisco Tenorio, titular de la Secretar\u00eda de Gesti\u00f3n del Riesgo de Desastres, se ha dise\u00f1ado un Plan de Contingencia integral que aborda diversos escenarios de emergencia. Este plan incluye la asistencia t\u00e9cnica a los municipios en la formulaci\u00f3n de planes escolares y comunitarios, as\u00ed como el funcionamiento ininterrumpido de la Red Departamental de Emergencias, disponible las 24 horas del d\u00eda para responder ante cualquier eventualidad.<\/p>\n\n\n\n<p>Uno de los aspectos clave de la estrategia de preparaci\u00f3n es la identificaci\u00f3n de \u00e1reas de riesgo mediante la &#8216;Semaforizaci\u00f3n&#8217; por municipio. Este enfoque permite una mejor asignaci\u00f3n de recursos y una respuesta m\u00e1s efectiva ante posibles emergencias causadas por fen\u00f3menos como remociones en masa, crecientes s\u00fabitas e inundaciones.<\/p>\n\n\n\n<figure class=\"wp-block-image size-full is-resized\"><img loading=\"lazy\" decoding=\"async\" width=\"745\" height=\"483\" src=\"https:\/\/cnctulua.tv\/wp-content\/uploads\/2024\/05\/lluvias-1.jpg\" alt=\"\" class=\"wp-image-19851\" style=\"width:886px;height:auto\" srcset=\"https:\/\/cnctulua.tv\/wp-content\/uploads\/2024\/05\/lluvias-1.jpg 745w, https:\/\/cnctulua.tv\/wp-content\/uploads\/2024\/05\/lluvias-1-300x194.jpg 300w\" sizes=\"auto, (max-width: 745px) 100vw, 745px\" \/><\/figure>\n\n\n\n<p>Seg\u00fan este sistema de semaforizaci\u00f3n, se ha determinado que varios municipios del departamento enfrentan un mayor riesgo de emergencias, especialmente aquellos ubicados en zonas propensas a fen\u00f3menos naturales. Es por ello que se hace un llamado urgente a los alcaldes para que trabajen de manera conjunta en la implementaci\u00f3n de medidas preventivas y en la limpieza de sumideros y alcantarillas, acciones fundamentales para reducir el impacto de las lluvias.<\/p>\n\n\n\n<p>La Gobernaci\u00f3n del Valle del Cauca hace un llamado a la ciudadan\u00eda para que est\u00e9 alerta y reporte cualquier situaci\u00f3n de riesgo a las autoridades pertinentes. Se enfatiza la importancia de la colaboraci\u00f3n ciudadana en la limpieza de drenajes y en la adopci\u00f3n de medidas de precauci\u00f3n ante la llegada de la temporada de lluvias.<\/p>\n","protected":false},"excerpt":{"rendered":"<p>En un trabajo conjunto entre la Gobernaci\u00f3n del Valle del Cauca y las alcald\u00edas municipales, se est\u00e1n llevando a cabo importantes medidas preventivas para enfrentar la pr\u00f3xima temporada de lluvias y el Fen\u00f3meno de la &#8216;Ni\u00f1a&#8217;. Conscientes de los posibles desaf\u00edos que podr\u00edan surgir debido a las condiciones clim\u00e1ticas, se han puesto en marcha acciones [&hellip;]<\/p>\n","protected":false},"author":3,"featured_media":19852,"comment_status":"open","ping_status":"open","sticky":false,"template":"","format":"video","meta":{"footnotes":""},"categories":[10],"tags":[],"class_list":["post-19850","post","type-post","status-publish","format-video","has-post-thumbnail","hentry","category-cnc-noticias-tulua","post_format-post-format-video"],"_links":{"self":[{"href":"https:\/\/cnctulua.tv\/index.php?rest_route=\/wp\/v2\/posts\/19850","targetHints":{"allow":["GET"]}}],"collection":[{"href":"https:\/\/cnctulua.tv\/index.php?rest_route=\/wp\/v2\/posts"}],"about":[{"href":"https:\/\/cnctulua.tv\/index.php?rest_route=\/wp\/v2\/types\/post"}],"author":[{"embeddable":true,"href":"https:\/\/cnctulua.tv\/index.php?rest_route=\/wp\/v2\/users\/3"}],"replies":[{"embeddable":true,"href":"https:\/\/cnctulua.tv\/index.php?rest_route=%2Fwp%2Fv2%2Fcomments&post=19850"}],"version-history":[{"count":1,"href":"https:\/\/cnctulua.tv\/index.php?rest_route=\/wp\/v2\/posts\/19850\/revisions"}],"predecessor-version":[{"id":19853,"href":"https:\/\/cnctulua.tv\/index.php?rest_route=\/wp\/v2\/posts\/19850\/revisions\/19853"}],"wp:featuredmedia":[{"embeddable":true,"href":"https:\/\/cnctulua.tv\/index.php?rest_route=\/wp\/v2\/media\/19852"}],"wp:attachment":[{"href":"https:\/\/cnctulua.tv\/index.php?rest_route=%2Fwp%2Fv2%2Fmedia&parent=19850"}],"wp:term":[{"taxonomy":"category","embeddable":true,"href":"https:\/\/cnctulua.tv\/index.php?rest_route=%2Fwp%2Fv2%2Fcategories&post=19850"},{"taxonomy":"post_tag","embeddable":true,"href":"https:\/\/cnctulua.tv\/index.php?rest_route=%2Fwp%2Fv2%2Ftags&post=19850"}],"curies":[{"name":"wp","href":"https:\/\/api.w.org\/{rel}","templated":true}]}}