{"id":19933,"date":"2024-05-29T13:21:47","date_gmt":"2024-05-29T13:21:47","guid":{"rendered":"https:\/\/cnctulua.tv\/?p=19933"},"modified":"2024-05-29T13:21:53","modified_gmt":"2024-05-29T13:21:53","slug":"gobierno-del-valle-y-sector-privado-firman-el-pacto-por-las-oportunidades-para-impulsar-el-empleo-y-el-desarrollo-regional","status":"publish","type":"post","link":"https:\/\/cnctulua.tv\/?p=19933","title":{"rendered":"GOBIERNO DEL VALLE Y SECTOR PRIVADO FIRMAN EL &#8216;PACTO POR LAS OPORTUNIDADES&#8217; PARA IMPULSAR EL EMPLEO Y EL DESARROLLO REGIONAL."},"content":{"rendered":"\n<p>En un esfuerzo conjunto por fortalecer el mercado laboral y generar oportunidades para los j\u00f3venes del Valle del Cauca, la Gobernaci\u00f3n del departamento ha anunciado una colaboraci\u00f3n estrat\u00e9gica con importantes empresas locales y gremios. Esta alianza, conocida como el &#8216;Pacto por las Oportunidades&#8217;, busca articular acciones que faciliten el acceso a mentor\u00edas, capacitaciones y empleo para la poblaci\u00f3n juvenil de la regi\u00f3n.<\/p>\n\n\n\n<p><\/p>\n\n\n\n<figure class=\"wp-block-embed is-type-video is-provider-youtube wp-block-embed-youtube wp-embed-aspect-16-9 wp-has-aspect-ratio\"><div class=\"wp-block-embed__wrapper\">\n<iframe loading=\"lazy\" title=\"La Gobernaci\u00f3n del Valle y empresas se unen para impulsar el empleo juvenil.\" width=\"640\" height=\"360\" src=\"https:\/\/www.youtube.com\/embed\/1priyqrJ0NM?feature=oembed\" frameborder=\"0\" allow=\"accelerometer; autoplay; clipboard-write; encrypted-media; gyroscope; picture-in-picture; web-share\" referrerpolicy=\"strict-origin-when-cross-origin\" allowfullscreen><\/iframe>\n<\/div><\/figure>\n\n\n\n<p>La iniciativa fue lanzada por la C\u00e1mara Colombo Americana, AmCham Colombia, y ha recibido el respaldo entusiasta de la gobernadora Dilian Francisca Toro. Toro destac\u00f3 la importancia de esta uni\u00f3n entre el sector p\u00fablico y privado para lograr un impacto significativo en la generaci\u00f3n de empleo y el desarrollo econ\u00f3mico del departamento.<\/p>\n\n\n\n<p>El &#8216;Pacto por las Oportunidades&#8217; comprende diversas estrategias, entre las que se incluye el aprovechamiento de las oportunidades comerciales con m\u00e1s de 120 empresas inscritas, la formaci\u00f3n y capacitaci\u00f3n en habilidades comerciales, la creaci\u00f3n de empleo, la mejora de los procesos productivos para la expansi\u00f3n de mercados como Estados Unidos, y el compromiso con el desarrollo sostenible, buscando un equilibrio entre lo econ\u00f3mico, lo social y lo ambiental.<\/p>\n\n\n\n<figure class=\"wp-block-image size-large is-resized\"><img loading=\"lazy\" decoding=\"async\" width=\"1024\" height=\"741\" src=\"https:\/\/cnctulua.tv\/wp-content\/uploads\/2024\/05\/WhatsApp-Image-2024-05-28-at-12.24.32-PM-1-1024x741.jpeg\" alt=\"\" class=\"wp-image-19934\" style=\"width:882px;height:auto\" srcset=\"https:\/\/cnctulua.tv\/wp-content\/uploads\/2024\/05\/WhatsApp-Image-2024-05-28-at-12.24.32-PM-1-1024x741.jpeg 1024w, https:\/\/cnctulua.tv\/wp-content\/uploads\/2024\/05\/WhatsApp-Image-2024-05-28-at-12.24.32-PM-1-300x217.jpeg 300w, https:\/\/cnctulua.tv\/wp-content\/uploads\/2024\/05\/WhatsApp-Image-2024-05-28-at-12.24.32-PM-1-768x556.jpeg 768w, https:\/\/cnctulua.tv\/wp-content\/uploads\/2024\/05\/WhatsApp-Image-2024-05-28-at-12.24.32-PM-1-1536x1112.jpeg 1536w, https:\/\/cnctulua.tv\/wp-content\/uploads\/2024\/05\/WhatsApp-Image-2024-05-28-at-12.24.32-PM-1-2048x1483.jpeg 2048w, https:\/\/cnctulua.tv\/wp-content\/uploads\/2024\/05\/WhatsApp-Image-2024-05-28-at-12.24.32-PM-1-scaled.jpeg 1920w\" sizes=\"auto, (max-width: 1024px) 100vw, 1024px\" \/><\/figure>\n\n\n\n<p>Mar\u00eda Claudia Lacouture, presidenta de la C\u00e1mara Colombo Americana, resalt\u00f3 la importancia de la colaboraci\u00f3n p\u00fablico-privada y el liderazgo de la gobernadora Toro en este proceso. Adem\u00e1s, destac\u00f3 el potencial del pacto para enfrentar los desaf\u00edos regionales con el apoyo de las autoridades locales y el sector empresarial.<\/p>\n\n\n\n<p>Esta alianza tambi\u00e9n ha sido recibida con optimismo por parte de representantes del sector empresarial. Erika Becerra, de la empresa Listos y Fresco SAS, subray\u00f3 los beneficios del Tratado de Libre Comercio (TLC) para la regi\u00f3n, especialmente en el sector agroindustrial, donde ha contribuido a mejorar la rentabilidad y a fomentar el empleo.<\/p>\n\n\n\n<p>La firma de este pacto representa un paso significativo hacia el fortalecimiento del mercado laboral en el Valle del Cauca y demuestra el compromiso conjunto de las instituciones p\u00fablicas y privadas con el desarrollo socioecon\u00f3mico de la regi\u00f3n.<\/p>\n","protected":false},"excerpt":{"rendered":"<p>En un esfuerzo conjunto por fortalecer el mercado laboral y generar oportunidades para los j\u00f3venes del Valle del Cauca, la Gobernaci\u00f3n del departamento ha anunciado una colaboraci\u00f3n estrat\u00e9gica con importantes empresas locales y gremios. Esta alianza, conocida como el &#8216;Pacto por las Oportunidades&#8217;, busca articular acciones que faciliten el acceso a mentor\u00edas, capacitaciones y empleo [&hellip;]<\/p>\n","protected":false},"author":3,"featured_media":19935,"comment_status":"open","ping_status":"open","sticky":false,"template":"","format":"video","meta":{"footnotes":""},"categories":[10],"tags":[],"class_list":["post-19933","post","type-post","status-publish","format-video","has-post-thumbnail","hentry","category-cnc-noticias-tulua","post_format-post-format-video"],"_links":{"self":[{"href":"https:\/\/cnctulua.tv\/index.php?rest_route=\/wp\/v2\/posts\/19933","targetHints":{"allow":["GET"]}}],"collection":[{"href":"https:\/\/cnctulua.tv\/index.php?rest_route=\/wp\/v2\/posts"}],"about":[{"href":"https:\/\/cnctulua.tv\/index.php?rest_route=\/wp\/v2\/types\/post"}],"author":[{"embeddable":true,"href":"https:\/\/cnctulua.tv\/index.php?rest_route=\/wp\/v2\/users\/3"}],"replies":[{"embeddable":true,"href":"https:\/\/cnctulua.tv\/index.php?rest_route=%2Fwp%2Fv2%2Fcomments&post=19933"}],"version-history":[{"count":1,"href":"https:\/\/cnctulua.tv\/index.php?rest_route=\/wp\/v2\/posts\/19933\/revisions"}],"predecessor-version":[{"id":19936,"href":"https:\/\/cnctulua.tv\/index.php?rest_route=\/wp\/v2\/posts\/19933\/revisions\/19936"}],"wp:featuredmedia":[{"embeddable":true,"href":"https:\/\/cnctulua.tv\/index.php?rest_route=\/wp\/v2\/media\/19935"}],"wp:attachment":[{"href":"https:\/\/cnctulua.tv\/index.php?rest_route=%2Fwp%2Fv2%2Fmedia&parent=19933"}],"wp:term":[{"taxonomy":"category","embeddable":true,"href":"https:\/\/cnctulua.tv\/index.php?rest_route=%2Fwp%2Fv2%2Fcategories&post=19933"},{"taxonomy":"post_tag","embeddable":true,"href":"https:\/\/cnctulua.tv\/index.php?rest_route=%2Fwp%2Fv2%2Ftags&post=19933"}],"curies":[{"name":"wp","href":"https:\/\/api.w.org\/{rel}","templated":true}]}}