{"id":19982,"date":"2024-05-30T19:13:10","date_gmt":"2024-05-30T19:13:10","guid":{"rendered":"https:\/\/cnctulua.tv\/?p=19982"},"modified":"2024-05-30T19:13:15","modified_gmt":"2024-05-30T19:13:15","slug":"reunion-en-hospital-departamental-aborda-la-articulacion-de-consultorios-y-casas-rosa-en-el-valle-del-cauca","status":"publish","type":"post","link":"https:\/\/cnctulua.tv\/?p=19982","title":{"rendered":"REUNI\u00d3N EN HOSPITAL DEPARTAMENTAL ABORDA LA ARTICULACI\u00d3N DE CONSULTORIOS Y CASAS ROSA EN EL VALLE DEL CAUCA."},"content":{"rendered":"\n<p>\u00abLa Casa Rosa es muy valiosa, determinante, porque son mecanismos que nos van a jugar alivianar las situaciones complejas que se dan en las usuarias y en las v\u00edctimas del tema de violencia sexual frente al acceso, la oportunidad de la atenci\u00f3n y el acompa\u00f1amiento pertinente frente a la ruta\u00bb, destac\u00f3 Johanna Patricia Lugo Riascos.<\/p>\n\n\n\n<p><\/p>\n\n\n\n<figure class=\"wp-block-embed is-type-video is-provider-youtube wp-block-embed-youtube wp-embed-aspect-16-9 wp-has-aspect-ratio\"><div class=\"wp-block-embed__wrapper\">\n<iframe loading=\"lazy\" title=\"Avanzan acciones para fortalecer la atenci\u00f3n a la mujer en Tulu\u00e1.\" width=\"640\" height=\"360\" src=\"https:\/\/www.youtube.com\/embed\/twZM_dzw_sU?feature=oembed\" frameborder=\"0\" allow=\"accelerometer; autoplay; clipboard-write; encrypted-media; gyroscope; picture-in-picture; web-share\" referrerpolicy=\"strict-origin-when-cross-origin\" allowfullscreen><\/iframe>\n<\/div><\/figure>\n\n\n\n<p>Aunque no se proporcionaron cifras exactas sobre la violencia sexual en Tulu\u00e1, se subray\u00f3 que las condiciones de violencia sexual han ido enmarc\u00e1ndose de manera progresiva a trav\u00e9s de los a\u00f1os. \u00abEs a lo que tenemos que apuntarle para que empiece a decrecer\u00bb, afirm\u00f3 la funcionaria.<\/p>\n\n\n\n<p>La \u00fanica Casa Rosa en la regi\u00f3n se encuentra en el hospital departamental Tom\u00e1s Uribe Uribe, y desde la Secretar\u00eda de Salud Municipal y la Alcald\u00eda de Tulu\u00e1 se asegura un total apoyo y acompa\u00f1amiento para la atenci\u00f3n e intervenci\u00f3n a mujeres, ni\u00f1os, ni\u00f1as, adolescentes y poblaci\u00f3n LGTBQ.<\/p>\n\n\n\n<figure class=\"wp-block-image size-large\"><img loading=\"lazy\" decoding=\"async\" width=\"1024\" height=\"606\" src=\"https:\/\/cnctulua.tv\/wp-content\/uploads\/2024\/05\/articulacion-1024x606.png\" alt=\"\" class=\"wp-image-19983\" srcset=\"https:\/\/cnctulua.tv\/wp-content\/uploads\/2024\/05\/articulacion-1024x606.png 1024w, https:\/\/cnctulua.tv\/wp-content\/uploads\/2024\/05\/articulacion-300x178.png 300w, https:\/\/cnctulua.tv\/wp-content\/uploads\/2024\/05\/articulacion-768x455.png 768w, https:\/\/cnctulua.tv\/wp-content\/uploads\/2024\/05\/articulacion.png 1093w\" sizes=\"auto, (max-width: 1024px) 100vw, 1024px\" \/><\/figure>\n\n\n\n<p>\u00abContamos en nuestro municipio con un acuerdo que es el acuerdo 08 del 2023, el cual nos habla del mecanismo articulador para la atenci\u00f3n basada en violencia sexual, tanto de sexo como de g\u00e9nero\u00bb, explic\u00f3 Lugo Riascos. \u00abBuscamos brindar elementos de protecci\u00f3n, prevenci\u00f3n y atenci\u00f3n a la comunidad a trav\u00e9s de la Casa Rosa\u00bb.<\/p>\n\n\n\n<p>En cuanto a los pr\u00f3ximos pasos, se espera fortalecer el comit\u00e9 de mecanismo articulador con los recursos facilitados por la Fiscal\u00eda del departamento. \u00abSon recursos muy valiosos para poder seguir fortaleciendo nuestro comit\u00e9 de mecanismo articulador en aras de identificar las cosas buenas que se han hecho en otros municipios y generar un mejor aprovechamiento del espacio que tenemos en nuestro hospital departamental\u00bb, concluy\u00f3 Lugo Riascos.<\/p>\n","protected":false},"excerpt":{"rendered":"<p>\u00abLa Casa Rosa es muy valiosa, determinante, porque son mecanismos que nos van a jugar alivianar las situaciones complejas que se dan en las usuarias y en las v\u00edctimas del tema de violencia sexual frente al acceso, la oportunidad de la atenci\u00f3n y el acompa\u00f1amiento pertinente frente a la ruta\u00bb, destac\u00f3 Johanna Patricia Lugo Riascos. [&hellip;]<\/p>\n","protected":false},"author":3,"featured_media":19984,"comment_status":"open","ping_status":"open","sticky":false,"template":"","format":"video","meta":{"footnotes":""},"categories":[10],"tags":[],"class_list":["post-19982","post","type-post","status-publish","format-video","has-post-thumbnail","hentry","category-cnc-noticias-tulua","post_format-post-format-video"],"_links":{"self":[{"href":"https:\/\/cnctulua.tv\/index.php?rest_route=\/wp\/v2\/posts\/19982","targetHints":{"allow":["GET"]}}],"collection":[{"href":"https:\/\/cnctulua.tv\/index.php?rest_route=\/wp\/v2\/posts"}],"about":[{"href":"https:\/\/cnctulua.tv\/index.php?rest_route=\/wp\/v2\/types\/post"}],"author":[{"embeddable":true,"href":"https:\/\/cnctulua.tv\/index.php?rest_route=\/wp\/v2\/users\/3"}],"replies":[{"embeddable":true,"href":"https:\/\/cnctulua.tv\/index.php?rest_route=%2Fwp%2Fv2%2Fcomments&post=19982"}],"version-history":[{"count":1,"href":"https:\/\/cnctulua.tv\/index.php?rest_route=\/wp\/v2\/posts\/19982\/revisions"}],"predecessor-version":[{"id":19985,"href":"https:\/\/cnctulua.tv\/index.php?rest_route=\/wp\/v2\/posts\/19982\/revisions\/19985"}],"wp:featuredmedia":[{"embeddable":true,"href":"https:\/\/cnctulua.tv\/index.php?rest_route=\/wp\/v2\/media\/19984"}],"wp:attachment":[{"href":"https:\/\/cnctulua.tv\/index.php?rest_route=%2Fwp%2Fv2%2Fmedia&parent=19982"}],"wp:term":[{"taxonomy":"category","embeddable":true,"href":"https:\/\/cnctulua.tv\/index.php?rest_route=%2Fwp%2Fv2%2Fcategories&post=19982"},{"taxonomy":"post_tag","embeddable":true,"href":"https:\/\/cnctulua.tv\/index.php?rest_route=%2Fwp%2Fv2%2Ftags&post=19982"}],"curies":[{"name":"wp","href":"https:\/\/api.w.org\/{rel}","templated":true}]}}