{"id":20004,"date":"2024-05-31T13:46:04","date_gmt":"2024-05-31T13:46:04","guid":{"rendered":"https:\/\/cnctulua.tv\/?p=20004"},"modified":"2024-05-31T13:46:11","modified_gmt":"2024-05-31T13:46:11","slug":"vallemplea-oportunidad-para-jovenes-vallecaucanos-de-estudiar-gratis-y-acceder-al-mundo-laboral","status":"publish","type":"post","link":"https:\/\/cnctulua.tv\/?p=20004","title":{"rendered":"VALLEMPLEA: OPORTUNIDAD PARA J\u00d3VENES VALLECAUCANOS DE ESTUDIAR GRATIS Y ACCEDER AL MUNDO LABORAL."},"content":{"rendered":"\n<p><\/p>\n\n\n\n<figure class=\"wp-block-embed is-type-video is-provider-youtube wp-block-embed-youtube wp-embed-aspect-16-9 wp-has-aspect-ratio\"><div class=\"wp-block-embed__wrapper\">\n<iframe loading=\"lazy\" title=\"VALLEMPLEA: oportunidad laboral para j\u00f3venes del Valle del Cauca.\" width=\"640\" height=\"360\" src=\"https:\/\/www.youtube.com\/embed\/h9hvs5R8ZRc?feature=oembed\" frameborder=\"0\" allow=\"accelerometer; autoplay; clipboard-write; encrypted-media; gyroscope; picture-in-picture; web-share\" referrerpolicy=\"strict-origin-when-cross-origin\" allowfullscreen><\/iframe>\n<\/div><\/figure>\n\n\n\n<p>En un esfuerzo por impulsar la educaci\u00f3n t\u00e9cnica y tecnol\u00f3gica entre los j\u00f3venes del Valle del Cauca, la iniciativa VALLEmplea contin\u00faa abierta hasta el 31 de mayo, ofreciendo una ventana de oportunidad \u00fanica para aquellos en busca de formaci\u00f3n gratuita y acceso al mundo laboral.<\/p>\n\n\n\n<p>\u00abEstamos en la recta final, faltan dos d\u00edas para el cierre de la convocatoria de VALLEmplea y tenemos ya inscritos 3.000 personas\u00bb, coment\u00f3 \u00d3scar Eduardo Vivas, secretario de Desarrollo Econ\u00f3mico del Valle, subrayando el entusiasmo que ha generado esta convocatoria entre la juventud de la regi\u00f3n.<\/p>\n\n\n\n<figure class=\"wp-block-image size-large is-resized\"><img loading=\"lazy\" decoding=\"async\" width=\"1024\" height=\"807\" src=\"https:\/\/cnctulua.tv\/wp-content\/uploads\/2024\/05\/WhatsApp-Image-2024-05-29-at-3.55.02-PM-1-1024x807.jpg\" alt=\"\" class=\"wp-image-20005\" style=\"width:887px;height:auto\" srcset=\"https:\/\/cnctulua.tv\/wp-content\/uploads\/2024\/05\/WhatsApp-Image-2024-05-29-at-3.55.02-PM-1-1024x807.jpg 1024w, https:\/\/cnctulua.tv\/wp-content\/uploads\/2024\/05\/WhatsApp-Image-2024-05-29-at-3.55.02-PM-1-300x236.jpg 300w, https:\/\/cnctulua.tv\/wp-content\/uploads\/2024\/05\/WhatsApp-Image-2024-05-29-at-3.55.02-PM-1-768x605.jpg 768w, https:\/\/cnctulua.tv\/wp-content\/uploads\/2024\/05\/WhatsApp-Image-2024-05-29-at-3.55.02-PM-1-1536x1210.jpg 1536w, https:\/\/cnctulua.tv\/wp-content\/uploads\/2024\/05\/WhatsApp-Image-2024-05-29-at-3.55.02-PM-1-2048x1613.jpg 2048w, https:\/\/cnctulua.tv\/wp-content\/uploads\/2024\/05\/WhatsApp-Image-2024-05-29-at-3.55.02-PM-1-scaled.jpg 1371w\" sizes=\"auto, (max-width: 1024px) 100vw, 1024px\" \/><\/figure>\n\n\n\n<p>La convocatoria est\u00e1 dirigida espec\u00edficamente a los j\u00f3venes del centro norte del Valle y de Buenaventura, con un total de 2000 cupos disponibles para estudios t\u00e9cnicos, tecnol\u00f3gicos o de formaci\u00f3n para el trabajo. Para participar, se requiere tener entre 18 y 28 a\u00f1os, haber aprobado el examen de estado Icfes y no estar cursando ning\u00fan programa t\u00e9cnico, tecnol\u00f3gico o universitario en la actualidad.<\/p>\n\n\n\n<p>Las inscripciones se realizan de manera sencilla a trav\u00e9s del portal web de VALLEmplea, donde los interesados pueden completar el formulario correspondiente. Una vez enviado, se espera la confirmaci\u00f3n por correo electr\u00f3nico o a trav\u00e9s del sistema en l\u00ednea.<\/p>\n\n\n\n<p>Una de las ventajas m\u00e1s destacadas para los beneficiarios es la posibilidad de postularse a la oferta de formaci\u00f3n disponible, la cual ha sido dise\u00f1ada en colaboraci\u00f3n con 108 empresas asociadas a VALLEmplea. \u00abEsta oferta de formaci\u00f3n tiene en cuenta las alianzas que ya tenemos con 108 empresas que est\u00e1n vinculadas a VALLEmplea, que abrieron sus puertas, nos indicaron qu\u00e9 tipo de perfiles necesitan y las vacantes\u00bb, explic\u00f3 Vivas, enfatizando la conexi\u00f3n directa entre la formaci\u00f3n y el empleo que ofrece el programa.<\/p>\n\n\n\n<p>La variedad de opciones formativas es amplia, incluyendo \u00e1reas como t\u00e9cnicos en refrigeraci\u00f3n, dise\u00f1o, administraci\u00f3n y gesti\u00f3n documental, entre otras. \u00abAs\u00ed que es importante que los j\u00f3venes puedan aprovechar la oportunidad de empleabilidad que est\u00e1 brindando VALLEmplea\u00bb, a\u00f1adi\u00f3 Vivas, instando a los j\u00f3venes interesados a no dejar pasar esta oportunidad de impulsar su futuro laboral.<\/p>\n\n\n\n<p>Con VALLEmplea, el Gobierno del Valle del Cauca demuestra su compromiso con el desarrollo econ\u00f3mico y social de la regi\u00f3n, brindando herramientas concretas para que los j\u00f3venes puedan construir un camino s\u00f3lido hacia el \u00e9xito profesional.<\/p>\n","protected":false},"excerpt":{"rendered":"<p>En un esfuerzo por impulsar la educaci\u00f3n t\u00e9cnica y tecnol\u00f3gica entre los j\u00f3venes del Valle del Cauca, la iniciativa VALLEmplea contin\u00faa abierta hasta el 31 de mayo, ofreciendo una ventana de oportunidad \u00fanica para aquellos en busca de formaci\u00f3n gratuita y acceso al mundo laboral. \u00abEstamos en la recta final, faltan dos d\u00edas para el [&hellip;]<\/p>\n","protected":false},"author":3,"featured_media":20006,"comment_status":"open","ping_status":"open","sticky":false,"template":"","format":"video","meta":{"footnotes":""},"categories":[10],"tags":[],"class_list":["post-20004","post","type-post","status-publish","format-video","has-post-thumbnail","hentry","category-cnc-noticias-tulua","post_format-post-format-video"],"_links":{"self":[{"href":"https:\/\/cnctulua.tv\/index.php?rest_route=\/wp\/v2\/posts\/20004","targetHints":{"allow":["GET"]}}],"collection":[{"href":"https:\/\/cnctulua.tv\/index.php?rest_route=\/wp\/v2\/posts"}],"about":[{"href":"https:\/\/cnctulua.tv\/index.php?rest_route=\/wp\/v2\/types\/post"}],"author":[{"embeddable":true,"href":"https:\/\/cnctulua.tv\/index.php?rest_route=\/wp\/v2\/users\/3"}],"replies":[{"embeddable":true,"href":"https:\/\/cnctulua.tv\/index.php?rest_route=%2Fwp%2Fv2%2Fcomments&post=20004"}],"version-history":[{"count":1,"href":"https:\/\/cnctulua.tv\/index.php?rest_route=\/wp\/v2\/posts\/20004\/revisions"}],"predecessor-version":[{"id":20007,"href":"https:\/\/cnctulua.tv\/index.php?rest_route=\/wp\/v2\/posts\/20004\/revisions\/20007"}],"wp:featuredmedia":[{"embeddable":true,"href":"https:\/\/cnctulua.tv\/index.php?rest_route=\/wp\/v2\/media\/20006"}],"wp:attachment":[{"href":"https:\/\/cnctulua.tv\/index.php?rest_route=%2Fwp%2Fv2%2Fmedia&parent=20004"}],"wp:term":[{"taxonomy":"category","embeddable":true,"href":"https:\/\/cnctulua.tv\/index.php?rest_route=%2Fwp%2Fv2%2Fcategories&post=20004"},{"taxonomy":"post_tag","embeddable":true,"href":"https:\/\/cnctulua.tv\/index.php?rest_route=%2Fwp%2Fv2%2Ftags&post=20004"}],"curies":[{"name":"wp","href":"https:\/\/api.w.org\/{rel}","templated":true}]}}