{"id":20013,"date":"2024-05-31T14:19:11","date_gmt":"2024-05-31T14:19:11","guid":{"rendered":"https:\/\/cnctulua.tv\/?p=20013"},"modified":"2024-05-31T14:19:14","modified_gmt":"2024-05-31T14:19:14","slug":"para-los-juegos-olimpicos-de-paris-2024-colombia-asegura-su-presencia-en-judo","status":"publish","type":"post","link":"https:\/\/cnctulua.tv\/?p=20013","title":{"rendered":"PARA LOS JUEGOS OL\u00cdMPICOS DE PAR\u00cdS 2024, COLOMBIA ASEGURA SU PRESENCIA EN JUDO."},"content":{"rendered":"\n<p>Tras el cierre del ranking ol\u00edmpico y la decisi\u00f3n de la Federaci\u00f3n Internacional de Judo de reasignar los cupos para los Juegos Ol\u00edmpicos de Par\u00eds 2024, Colombia asegur\u00f3 su participaci\u00f3n en esta disciplina deportiva con la destacada atleta vallecaucana Erika Lasso en la categor\u00eda de los \u201348 kilogramos. Con esta clasificaci\u00f3n, Lasso se convierte en la d\u00e9cima deportista Valle Oro Puro con boleto directo a las olimpiadas.<\/p>\n\n\n\n<figure class=\"wp-block-embed is-type-video is-provider-youtube wp-block-embed-youtube wp-embed-aspect-16-9 wp-has-aspect-ratio\"><div class=\"wp-block-embed__wrapper\">\n<iframe loading=\"lazy\" title=\"Colombia asegura representaci\u00f3n en Judo para los Juegos Ol\u00edmpicos Paris 2024.\" width=\"640\" height=\"360\" src=\"https:\/\/www.youtube.com\/embed\/U01lz36lRxs?feature=oembed\" frameborder=\"0\" allow=\"accelerometer; autoplay; clipboard-write; encrypted-media; gyroscope; picture-in-picture; web-share\" referrerpolicy=\"strict-origin-when-cross-origin\" allowfullscreen><\/iframe>\n<\/div><\/figure>\n\n\n\n<p><\/p>\n\n\n\n<p>\u00abErika es la \u00fanica representante de este deporte por el pa\u00eds. &#8216;Estamos muy felices por esta clasificaci\u00f3n nominal que obtiene Erika Lasso, una de nuestras deportistas m\u00e1s destacadas a nivel nacional e internacional en la disciplina de judo'\u00bb, expres\u00f3 Ana Milena Orozco, gerente de Indervalle.<\/p>\n\n\n\n<figure class=\"wp-block-image size-large is-resized\"><img loading=\"lazy\" decoding=\"async\" width=\"1024\" height=\"1024\" src=\"https:\/\/cnctulua.tv\/wp-content\/uploads\/2024\/05\/WhatsApp-Image-2024-05-29-at-4.58.51-PM-1024x1024.jpeg\" alt=\"\" class=\"wp-image-20014\" style=\"width:903px;height:auto\" srcset=\"https:\/\/cnctulua.tv\/wp-content\/uploads\/2024\/05\/WhatsApp-Image-2024-05-29-at-4.58.51-PM-1024x1024.jpeg 1024w, https:\/\/cnctulua.tv\/wp-content\/uploads\/2024\/05\/WhatsApp-Image-2024-05-29-at-4.58.51-PM-300x300.jpeg 300w, https:\/\/cnctulua.tv\/wp-content\/uploads\/2024\/05\/WhatsApp-Image-2024-05-29-at-4.58.51-PM-150x150.jpeg 150w, https:\/\/cnctulua.tv\/wp-content\/uploads\/2024\/05\/WhatsApp-Image-2024-05-29-at-4.58.51-PM-768x768.jpeg 768w, https:\/\/cnctulua.tv\/wp-content\/uploads\/2024\/05\/WhatsApp-Image-2024-05-29-at-4.58.51-PM-1536x1536.jpeg 1536w, https:\/\/cnctulua.tv\/wp-content\/uploads\/2024\/05\/WhatsApp-Image-2024-05-29-at-4.58.51-PM.jpeg 1600w\" sizes=\"auto, (max-width: 1024px) 100vw, 1024px\" \/><\/figure>\n\n\n\n<p>Erika Lasso, representante \u00fanica de este deporte por Colombia, cierra el ranking ol\u00edmpico con una destacada suma de 1.955 puntos. Su clasificaci\u00f3n no solo significa un logro personal, sino tambi\u00e9n el marcado relevo generacional en el judo vallecaucano. Siguiendo los pasos de su entrenadora Yuri Alvear y su compa\u00f1era Luz Ad\u00edela \u00c1lvarez, Lasso lleva la bandera del departamento por sexta vez consecutiva a los Juegos Ol\u00edmpicos.<\/p>\n\n\n\n<p>\u00abEsta clasificaci\u00f3n es una responsabilidad muy grande, quiero hacerlo muy bien, disfrutarlo y hacer todo de la mejor manera. Para ello, estoy prepar\u00e1ndome f\u00edsica y mentalmente con mis dos referentes: Luz Ad\u00edela \u00c1lvarez y mi entrenadora Yuri Alvear, a quienes admiro mucho\u00bb, coment\u00f3 Lasso.<\/p>\n\n\n\n<p>Con la inclusi\u00f3n de Erika Lasso, Colombia suma 65 cupos para los Juegos Ol\u00edmpicos, de los cuales 21 son clasificaciones nominales y 44 num\u00e9ricas. Lasso se une al selecto grupo de atletas vallecaucanos que estar\u00e1n representando al pa\u00eds en Par\u00eds 2024, entre los que se encuentran Flor Denis Ru\u00edz, Tatiana Renter\u00eda, Luis Javier Mosquera, Jeison L\u00f3pez, John Edison Rodr\u00edguez, Jorge Enr\u00edquez, Manuela G\u00f3mez, Kevin Quintero y Yilmar Gonzales.<\/p>\n","protected":false},"excerpt":{"rendered":"<p>Tras el cierre del ranking ol\u00edmpico y la decisi\u00f3n de la Federaci\u00f3n Internacional de Judo de reasignar los cupos para los Juegos Ol\u00edmpicos de Par\u00eds 2024, Colombia asegur\u00f3 su participaci\u00f3n en esta disciplina deportiva con la destacada atleta vallecaucana Erika Lasso en la categor\u00eda de los \u201348 kilogramos. Con esta clasificaci\u00f3n, Lasso se convierte en [&hellip;]<\/p>\n","protected":false},"author":3,"featured_media":20015,"comment_status":"open","ping_status":"open","sticky":false,"template":"","format":"video","meta":{"footnotes":""},"categories":[10],"tags":[],"class_list":["post-20013","post","type-post","status-publish","format-video","has-post-thumbnail","hentry","category-cnc-noticias-tulua","post_format-post-format-video"],"_links":{"self":[{"href":"https:\/\/cnctulua.tv\/index.php?rest_route=\/wp\/v2\/posts\/20013","targetHints":{"allow":["GET"]}}],"collection":[{"href":"https:\/\/cnctulua.tv\/index.php?rest_route=\/wp\/v2\/posts"}],"about":[{"href":"https:\/\/cnctulua.tv\/index.php?rest_route=\/wp\/v2\/types\/post"}],"author":[{"embeddable":true,"href":"https:\/\/cnctulua.tv\/index.php?rest_route=\/wp\/v2\/users\/3"}],"replies":[{"embeddable":true,"href":"https:\/\/cnctulua.tv\/index.php?rest_route=%2Fwp%2Fv2%2Fcomments&post=20013"}],"version-history":[{"count":1,"href":"https:\/\/cnctulua.tv\/index.php?rest_route=\/wp\/v2\/posts\/20013\/revisions"}],"predecessor-version":[{"id":20016,"href":"https:\/\/cnctulua.tv\/index.php?rest_route=\/wp\/v2\/posts\/20013\/revisions\/20016"}],"wp:featuredmedia":[{"embeddable":true,"href":"https:\/\/cnctulua.tv\/index.php?rest_route=\/wp\/v2\/media\/20015"}],"wp:attachment":[{"href":"https:\/\/cnctulua.tv\/index.php?rest_route=%2Fwp%2Fv2%2Fmedia&parent=20013"}],"wp:term":[{"taxonomy":"category","embeddable":true,"href":"https:\/\/cnctulua.tv\/index.php?rest_route=%2Fwp%2Fv2%2Fcategories&post=20013"},{"taxonomy":"post_tag","embeddable":true,"href":"https:\/\/cnctulua.tv\/index.php?rest_route=%2Fwp%2Fv2%2Ftags&post=20013"}],"curies":[{"name":"wp","href":"https:\/\/api.w.org\/{rel}","templated":true}]}}