{"id":20047,"date":"2024-05-31T18:50:26","date_gmt":"2024-05-31T18:50:26","guid":{"rendered":"https:\/\/cnctulua.tv\/?p=20047"},"modified":"2024-05-31T18:50:32","modified_gmt":"2024-05-31T18:50:32","slug":"alarma-en-tulua-aumento-drastico-de-violencia-intrafamiliar-preocupa-a-las-autoridades","status":"publish","type":"post","link":"https:\/\/cnctulua.tv\/?p=20047","title":{"rendered":"ALARMA EN TULU\u00c1: AUMENTO DR\u00c1STICO DE VIOLENCIA INTRAFAMILIAR PREOCUPA A LAS AUTORIDADES."},"content":{"rendered":"\n<p>En un contexto preocupante para la seguridad ciudadana, las autoridades de Tulu\u00e1 han expresado su inquietud ante el \u00abalarmante incremento de los casos de violencia intrafamiliar\u00bb. Seg\u00fan los reportes oficiales, en comparaci\u00f3n con el a\u00f1o anterior, se ha registrado un aumento del 132%, con un total de 249 casos denunciados hasta la fecha.<\/p>\n\n\n\n<p><\/p>\n\n\n\n<figure class=\"wp-block-embed is-type-video is-provider-youtube wp-block-embed-youtube wp-embed-aspect-16-9 wp-has-aspect-ratio\"><div class=\"wp-block-embed__wrapper\">\n<iframe loading=\"lazy\" title=\"Aumento de casos de violencia intrafamiliar en Tulu\u00e1 preocupa a las autoridades.\" width=\"640\" height=\"360\" src=\"https:\/\/www.youtube.com\/embed\/ol4FqVFlZ4c?feature=oembed\" frameborder=\"0\" allow=\"accelerometer; autoplay; clipboard-write; encrypted-media; gyroscope; picture-in-picture; web-share\" referrerpolicy=\"strict-origin-when-cross-origin\" allowfullscreen><\/iframe>\n<\/div><\/figure>\n\n\n\n<p>El Teniente Coronel Nicol\u00e1s Guillermo Su\u00e1rez Plata, Comandante del Segundo Distrito de Polic\u00eda en Tulu\u00e1, afirm\u00f3 que es \u00ablamentable ver c\u00f3mo la violencia dom\u00e9stica sigue en ascenso en nuestra comunidad\u00bb. Ante esta realidad, las autoridades han intensificado sus esfuerzos para \u00abcombatir esta problem\u00e1tica\u00bb, respondiendo de manera r\u00e1pida y efectiva a las denuncias recibidas.<\/p>\n\n\n\n<p>\u00abCuando recibimos una alerta de violencia intrafamiliar\u00bb, explic\u00f3 el Teniente Coronel Su\u00e1rez Plata, \u00abdesplegamos operativos que nos permiten capturar a los agresores en flagrancia\u00bb. En lo que va del a\u00f1o, alrededor de \u00ab40 agresores han sido capturados y puestos a disposici\u00f3n de la Fiscal\u00eda General de la Naci\u00f3n\u00bb.<\/p>\n\n\n\n<p>Es importante destacar que la violencia intrafamiliar no se limita a agresiones f\u00edsicas, sino que tambi\u00e9n incluye formas de violencia verbal y psicol\u00f3gica. Ante cualquier se\u00f1al de alerta, las v\u00edctimas son instadas a comunicarse de inmediato con la l\u00ednea de atenci\u00f3n 155, disponible las 24 horas del d\u00eda para brindar orientaci\u00f3n y apoyo.<\/p>\n\n\n\n<p>La Polic\u00eda Nacional, a trav\u00e9s de su patrulla p\u00farpura compuesta por mujeres expertas, activa una ruta de protecci\u00f3n para las mujeres y sus familias desde el momento en que se recibe la llamada de auxilio. Esta ruta incluye acompa\u00f1amiento a centros hospitalarios y apoyo psicol\u00f3gico, as\u00ed como un seguimiento continuo para garantizar la seguridad y bienestar de las v\u00edctimas.<\/p>\n\n\n\n<p>\u00abEn casos de violencia intrafamiliar\u00bb, enfatiz\u00f3 el Teniente Coronel Su\u00e1rez Plata, \u00abla Polic\u00eda Nacional est\u00e1 comprometida a actuar con contundencia para proteger a las v\u00edctimas y llevar a los agresores ante la justicia\u00bb. La comunidad de Tulu\u00e1 es llamada a denunciar cualquier caso de violencia intrafamiliar y a brindar su apoyo a las v\u00edctimas en estos momentos dif\u00edciles. Juntos, podemos trabajar para construir un municipio donde reine el respeto, la igualdad y la seguridad para todos sus habitantes.<\/p>\n","protected":false},"excerpt":{"rendered":"<p>En un contexto preocupante para la seguridad ciudadana, las autoridades de Tulu\u00e1 han expresado su inquietud ante el \u00abalarmante incremento de los casos de violencia intrafamiliar\u00bb. Seg\u00fan los reportes oficiales, en comparaci\u00f3n con el a\u00f1o anterior, se ha registrado un aumento del 132%, con un total de 249 casos denunciados hasta la fecha. El Teniente [&hellip;]<\/p>\n","protected":false},"author":3,"featured_media":20048,"comment_status":"open","ping_status":"open","sticky":false,"template":"","format":"video","meta":{"footnotes":""},"categories":[10],"tags":[],"class_list":["post-20047","post","type-post","status-publish","format-video","has-post-thumbnail","hentry","category-cnc-noticias-tulua","post_format-post-format-video"],"_links":{"self":[{"href":"https:\/\/cnctulua.tv\/index.php?rest_route=\/wp\/v2\/posts\/20047","targetHints":{"allow":["GET"]}}],"collection":[{"href":"https:\/\/cnctulua.tv\/index.php?rest_route=\/wp\/v2\/posts"}],"about":[{"href":"https:\/\/cnctulua.tv\/index.php?rest_route=\/wp\/v2\/types\/post"}],"author":[{"embeddable":true,"href":"https:\/\/cnctulua.tv\/index.php?rest_route=\/wp\/v2\/users\/3"}],"replies":[{"embeddable":true,"href":"https:\/\/cnctulua.tv\/index.php?rest_route=%2Fwp%2Fv2%2Fcomments&post=20047"}],"version-history":[{"count":1,"href":"https:\/\/cnctulua.tv\/index.php?rest_route=\/wp\/v2\/posts\/20047\/revisions"}],"predecessor-version":[{"id":20049,"href":"https:\/\/cnctulua.tv\/index.php?rest_route=\/wp\/v2\/posts\/20047\/revisions\/20049"}],"wp:featuredmedia":[{"embeddable":true,"href":"https:\/\/cnctulua.tv\/index.php?rest_route=\/wp\/v2\/media\/20048"}],"wp:attachment":[{"href":"https:\/\/cnctulua.tv\/index.php?rest_route=%2Fwp%2Fv2%2Fmedia&parent=20047"}],"wp:term":[{"taxonomy":"category","embeddable":true,"href":"https:\/\/cnctulua.tv\/index.php?rest_route=%2Fwp%2Fv2%2Fcategories&post=20047"},{"taxonomy":"post_tag","embeddable":true,"href":"https:\/\/cnctulua.tv\/index.php?rest_route=%2Fwp%2Fv2%2Ftags&post=20047"}],"curies":[{"name":"wp","href":"https:\/\/api.w.org\/{rel}","templated":true}]}}