{"id":20060,"date":"2024-05-31T19:26:18","date_gmt":"2024-05-31T19:26:18","guid":{"rendered":"https:\/\/cnctulua.tv\/?p=20060"},"modified":"2024-05-31T19:26:24","modified_gmt":"2024-05-31T19:26:24","slug":"articulacion-de-esfuerzos-y-cooperacion-internacional-impulsan-desarrollo-en-el-valle-del-cauca","status":"publish","type":"post","link":"https:\/\/cnctulua.tv\/?p=20060","title":{"rendered":"ARTICULACI\u00d3N DE ESFUERZOS Y COOPERACI\u00d3N INTERNACIONAL IMPULSAN DESARROLLO EN EL VALLE DEL CAUCA."},"content":{"rendered":"\n<p>En un esfuerzo por potenciar el desarrollo del Valle del Cauca, l\u00edderes regionales y representantes de cooperaci\u00f3n internacional se han unido en una iniciativa clave: la Mesa Pac\u00edfico &#8211; Cap\u00edtulo Valle del Cauca. Esta plataforma, forjada con la colaboraci\u00f3n del Sistema Nacional de Cooperaci\u00f3n Internacional, el Departamento Nacional de Planeaci\u00f3n, la Gobernaci\u00f3n del Valle y la Alcald\u00eda de Cali, promete ser un catalizador para el progreso en la regi\u00f3n.<\/p>\n\n\n\n<figure class=\"wp-block-embed is-type-video is-provider-youtube wp-block-embed-youtube wp-embed-aspect-16-9 wp-has-aspect-ratio\"><div class=\"wp-block-embed__wrapper\">\n<iframe loading=\"lazy\" title=\"Alianzas para el Desarrollo: Impulso en el Valle del Cauca.\" width=\"640\" height=\"360\" src=\"https:\/\/www.youtube.com\/embed\/PUYI4Tgpmjg?feature=oembed\" frameborder=\"0\" allow=\"accelerometer; autoplay; clipboard-write; encrypted-media; gyroscope; picture-in-picture; web-share\" referrerpolicy=\"strict-origin-when-cross-origin\" allowfullscreen><\/iframe>\n<\/div><\/figure>\n\n\n\n<p>\u00abQueremos que la cooperaci\u00f3n pueda entrar a trabajar articuladamente con nosotros en el Plan de Desarrollo, donde hay temas importantes como disminuir la pobreza multidimensional, mejorar la competitividad, mayor empleo e inclusi\u00f3n en paz,\u00bb expres\u00f3 la gobernadora del Valle, Dilian Francisca Toro, destacando la relevancia de esta uni\u00f3n estrat\u00e9gica.<\/p>\n\n\n\n<p>La instalaci\u00f3n de esta mesa de trabajo no solo busca coordinar esfuerzos, sino tambi\u00e9n gestionar recursos de cooperaci\u00f3n internacional de manera m\u00e1s efectiva. Seg\u00fan Elizabeth Taylor Jay, viceministra de Asuntos Multilaterales, \u00abcon las autoridades departamentales y las alcald\u00edas, de manera articulada se logre unos consensos frente a la cooperaci\u00f3n. \u00abEsta articulaci\u00f3n, enfocada en evitar la dispersi\u00f3n de esfuerzos, es fundamental para maximizar el impacto de la cooperaci\u00f3n internacional en la regi\u00f3n.<\/p>\n\n\n\n<figure class=\"wp-block-image size-large\"><img loading=\"lazy\" decoding=\"async\" width=\"1024\" height=\"692\" src=\"https:\/\/cnctulua.tv\/wp-content\/uploads\/2024\/05\/WhatsApp-Image-2024-05-31-at-10.02.08-AM-1024x692.jpeg\" alt=\"\" class=\"wp-image-20061\" srcset=\"https:\/\/cnctulua.tv\/wp-content\/uploads\/2024\/05\/WhatsApp-Image-2024-05-31-at-10.02.08-AM-1024x692.jpeg 1024w, https:\/\/cnctulua.tv\/wp-content\/uploads\/2024\/05\/WhatsApp-Image-2024-05-31-at-10.02.08-AM-300x203.jpeg 300w, https:\/\/cnctulua.tv\/wp-content\/uploads\/2024\/05\/WhatsApp-Image-2024-05-31-at-10.02.08-AM-768x519.jpeg 768w, https:\/\/cnctulua.tv\/wp-content\/uploads\/2024\/05\/WhatsApp-Image-2024-05-31-at-10.02.08-AM-1536x1038.jpeg 1536w, https:\/\/cnctulua.tv\/wp-content\/uploads\/2024\/05\/WhatsApp-Image-2024-05-31-at-10.02.08-AM-2048x1383.jpeg 2048w, https:\/\/cnctulua.tv\/wp-content\/uploads\/2024\/05\/WhatsApp-Image-2024-05-31-at-10.02.08-AM-scaled.jpeg 1920w\" sizes=\"auto, (max-width: 1024px) 100vw, 1024px\" \/><\/figure>\n\n\n\n<p>Temas cruciales como el cambio clim\u00e1tico, la equidad de g\u00e9nero y el acceso a la educaci\u00f3n fueron abordados en esta primera reuni\u00f3n de la Mesa Pac\u00edfico. Eleonora Betancur, Directora de la Agencia Presidencial de Cooperaci\u00f3n Internacional, se\u00f1al\u00f3 que \u00abestamos aqu\u00ed para hacer un gran plan de trabajo con los cooperantes, municipios, Gobernaci\u00f3n y Alcald\u00eda en torno a la COP16 que va a ser un gran esfuerzo de pa\u00eds. \u00abEste enfoque estrat\u00e9gico apunta a atraer inversionistas y fomentar el desarrollo sostenible en la regi\u00f3n.<\/p>\n\n\n\n<p>La Mesa Pac\u00edfico &#8211; Cap\u00edtulo Valle del Cauca emerge como un espacio vital para la colaboraci\u00f3n y la coordinaci\u00f3n de esfuerzos en pos del desarrollo regional. Con un firme compromiso de trabajar de manera conjunta, esta iniciativa promete ser un motor de cambio para el bienestar de los habitantes del Valle del Cauca.<\/p>\n","protected":false},"excerpt":{"rendered":"<p>En un esfuerzo por potenciar el desarrollo del Valle del Cauca, l\u00edderes regionales y representantes de cooperaci\u00f3n internacional se han unido en una iniciativa clave: la Mesa Pac\u00edfico &#8211; Cap\u00edtulo Valle del Cauca. Esta plataforma, forjada con la colaboraci\u00f3n del Sistema Nacional de Cooperaci\u00f3n Internacional, el Departamento Nacional de Planeaci\u00f3n, la Gobernaci\u00f3n del Valle y [&hellip;]<\/p>\n","protected":false},"author":3,"featured_media":20062,"comment_status":"open","ping_status":"open","sticky":false,"template":"","format":"video","meta":{"footnotes":""},"categories":[10],"tags":[],"class_list":["post-20060","post","type-post","status-publish","format-video","has-post-thumbnail","hentry","category-cnc-noticias-tulua","post_format-post-format-video"],"_links":{"self":[{"href":"https:\/\/cnctulua.tv\/index.php?rest_route=\/wp\/v2\/posts\/20060","targetHints":{"allow":["GET"]}}],"collection":[{"href":"https:\/\/cnctulua.tv\/index.php?rest_route=\/wp\/v2\/posts"}],"about":[{"href":"https:\/\/cnctulua.tv\/index.php?rest_route=\/wp\/v2\/types\/post"}],"author":[{"embeddable":true,"href":"https:\/\/cnctulua.tv\/index.php?rest_route=\/wp\/v2\/users\/3"}],"replies":[{"embeddable":true,"href":"https:\/\/cnctulua.tv\/index.php?rest_route=%2Fwp%2Fv2%2Fcomments&post=20060"}],"version-history":[{"count":1,"href":"https:\/\/cnctulua.tv\/index.php?rest_route=\/wp\/v2\/posts\/20060\/revisions"}],"predecessor-version":[{"id":20063,"href":"https:\/\/cnctulua.tv\/index.php?rest_route=\/wp\/v2\/posts\/20060\/revisions\/20063"}],"wp:featuredmedia":[{"embeddable":true,"href":"https:\/\/cnctulua.tv\/index.php?rest_route=\/wp\/v2\/media\/20062"}],"wp:attachment":[{"href":"https:\/\/cnctulua.tv\/index.php?rest_route=%2Fwp%2Fv2%2Fmedia&parent=20060"}],"wp:term":[{"taxonomy":"category","embeddable":true,"href":"https:\/\/cnctulua.tv\/index.php?rest_route=%2Fwp%2Fv2%2Fcategories&post=20060"},{"taxonomy":"post_tag","embeddable":true,"href":"https:\/\/cnctulua.tv\/index.php?rest_route=%2Fwp%2Fv2%2Ftags&post=20060"}],"curies":[{"name":"wp","href":"https:\/\/api.w.org\/{rel}","templated":true}]}}