{"id":20064,"date":"2024-05-31T20:02:47","date_gmt":"2024-05-31T20:02:47","guid":{"rendered":"https:\/\/cnctulua.tv\/?p=20064"},"modified":"2024-05-31T20:15:01","modified_gmt":"2024-05-31T20:15:01","slug":"26-jovenes-vallecaucanos-asumen-como-consejeros-en-el-consejo-departamental-de-juventud","status":"publish","type":"post","link":"https:\/\/cnctulua.tv\/?p=20064","title":{"rendered":"26 J\u00d3VENES VALLECAUCANOS ASUMEN COMO CONSEJEROS EN EL CONSEJO DEPARTAMENTAL DE JUVENTUD."},"content":{"rendered":"\n<p>En una emotiva ceremonia, 26 j\u00f3venes vallecaucanos tomaron juramento como nuevos consejeros del Consejo Departamental de Juventud. El acto se llev\u00f3 a cabo ante la gobernadora Dilian Francisca Toro, quien enfatiz\u00f3 la importancia de la colaboraci\u00f3n intersectorial para lograr transformaciones significativas en la regi\u00f3n.<\/p>\n\n\n\n<figure class=\"wp-block-embed is-type-video is-provider-youtube wp-block-embed-youtube wp-embed-aspect-16-9 wp-has-aspect-ratio\"><div class=\"wp-block-embed__wrapper\">\n<iframe loading=\"lazy\" title=\"Instalado el Consejo Departamental de Juventud: 26 j\u00f3venes vallecaucanos asumen su rol.\" width=\"640\" height=\"360\" src=\"https:\/\/www.youtube.com\/embed\/yLPYjfJpECI?feature=oembed\" frameborder=\"0\" allow=\"accelerometer; autoplay; clipboard-write; encrypted-media; gyroscope; picture-in-picture; web-share\" referrerpolicy=\"strict-origin-when-cross-origin\" allowfullscreen><\/iframe>\n<\/div><\/figure>\n\n\n\n<p>\u201cGenuinamente creo que la \u00fanica manera de lograr transformaciones es si nos unimos, es si trabajamos articuladamente, es si trabajamos el sector p\u00fablico, el privado, las organizaciones sociales, la academia, la sociedad civil, trabajamos juntos en programas y proyectos que vayan siempre en una misma direcci\u00f3n\u201d, declar\u00f3 la mandataria departamental durante la instalaci\u00f3n del Consejo.<\/p>\n\n\n\n<p>La Gobernadora present\u00f3 una agenda ambiciosa que incluye el fortalecimiento educativo, el fomento del biling\u00fcismo y la creaci\u00f3n de mayores oportunidades para el emprendimiento. Estas propuestas buscan potenciar las capacidades y aspiraciones de la juventud vallecaucana, aline\u00e1ndose con las necesidades actuales de la regi\u00f3n.<\/p>\n\n\n\n<figure class=\"wp-block-image size-large\"><img loading=\"lazy\" decoding=\"async\" width=\"1024\" height=\"767\" src=\"https:\/\/cnctulua.tv\/wp-content\/uploads\/2024\/05\/WhatsApp-Image-2024-05-31-at-10.00.03-AM-3-1024x767.jpeg\" alt=\"\" class=\"wp-image-20065\" srcset=\"https:\/\/cnctulua.tv\/wp-content\/uploads\/2024\/05\/WhatsApp-Image-2024-05-31-at-10.00.03-AM-3-1024x767.jpeg 1024w, https:\/\/cnctulua.tv\/wp-content\/uploads\/2024\/05\/WhatsApp-Image-2024-05-31-at-10.00.03-AM-3-300x225.jpeg 300w, https:\/\/cnctulua.tv\/wp-content\/uploads\/2024\/05\/WhatsApp-Image-2024-05-31-at-10.00.03-AM-3-768x575.jpeg 768w, https:\/\/cnctulua.tv\/wp-content\/uploads\/2024\/05\/WhatsApp-Image-2024-05-31-at-10.00.03-AM-3-1536x1150.jpeg 1536w, https:\/\/cnctulua.tv\/wp-content\/uploads\/2024\/05\/WhatsApp-Image-2024-05-31-at-10.00.03-AM-3-2048x1534.jpeg 2048w, https:\/\/cnctulua.tv\/wp-content\/uploads\/2024\/05\/WhatsApp-Image-2024-05-31-at-10.00.03-AM-3-scaled.jpeg 1442w\" sizes=\"auto, (max-width: 1024px) 100vw, 1024px\" \/><\/figure>\n\n\n\n<p>\u201cCreemos que este es el momento para que las juventudes podamos armar esa agenda a\u00fan mucho m\u00e1s grande y potencializar esas ofertas institucionales que tambi\u00e9n tenemos en nuestro departamento, pero, sobre todo, lo que cada uno de estos j\u00f3venes tiene para aportar a su territorio\u201d, afirm\u00f3 Yessenia Chazatar, coordinadora de la Plataforma de Juventudes del Valle.<\/p>\n\n\n\n<p>David Orejuela, uno de los nuevos consejeros departamentales de Juventudes, expres\u00f3 su agradecimiento hacia la Gobernadora y la Gobernaci\u00f3n, destacando el apoyo constante que han recibido: \u201cSentimos que la Gobernadora y la Gobernaci\u00f3n en cabeza de la Subdirecci\u00f3n de Juventudes est\u00e1n siempre prestos a apoyarnos a nosotros, no nos quieren dar la espalda, sino apoyarnos y esto es muestra de eso\u201d.<\/p>\n\n\n\n<p>Por su parte, David Corral, subdirector t\u00e9cnico de Juventud del Valle, subray\u00f3 la capacidad de los j\u00f3venes para avanzar en sus labores desde cada uno de los territorios, trabajando en conjunto con las alcald\u00edas y otros entes territoriales. \u201cDesde el Consejo Departamental de Juventud, los j\u00f3venes podr\u00e1n avanzar en sus labores desde cada uno de los territorios, juntamente con las alcald\u00edas y los entes territoriales\u201d, afirm\u00f3 Corral.<\/p>\n\n\n\n<p>La instalaci\u00f3n del Consejo Departamental de Juventud representa un paso significativo hacia la inclusi\u00f3n y el empoderamiento de los j\u00f3venes en el Valle del Cauca, quienes ahora tienen una plataforma para influir en la toma de decisiones que afectan su futuro y el de sus comunidades.<\/p>\n","protected":false},"excerpt":{"rendered":"<p>En una emotiva ceremonia, 26 j\u00f3venes vallecaucanos tomaron juramento como nuevos consejeros del Consejo Departamental de Juventud. El acto se llev\u00f3 a cabo ante la gobernadora Dilian Francisca Toro, quien enfatiz\u00f3 la importancia de la colaboraci\u00f3n intersectorial para lograr transformaciones significativas en la regi\u00f3n. \u201cGenuinamente creo que la \u00fanica manera de lograr transformaciones es si [&hellip;]<\/p>\n","protected":false},"author":3,"featured_media":20066,"comment_status":"open","ping_status":"open","sticky":false,"template":"","format":"video","meta":{"footnotes":""},"categories":[10],"tags":[],"class_list":["post-20064","post","type-post","status-publish","format-video","has-post-thumbnail","hentry","category-cnc-noticias-tulua","post_format-post-format-video"],"_links":{"self":[{"href":"https:\/\/cnctulua.tv\/index.php?rest_route=\/wp\/v2\/posts\/20064","targetHints":{"allow":["GET"]}}],"collection":[{"href":"https:\/\/cnctulua.tv\/index.php?rest_route=\/wp\/v2\/posts"}],"about":[{"href":"https:\/\/cnctulua.tv\/index.php?rest_route=\/wp\/v2\/types\/post"}],"author":[{"embeddable":true,"href":"https:\/\/cnctulua.tv\/index.php?rest_route=\/wp\/v2\/users\/3"}],"replies":[{"embeddable":true,"href":"https:\/\/cnctulua.tv\/index.php?rest_route=%2Fwp%2Fv2%2Fcomments&post=20064"}],"version-history":[{"count":1,"href":"https:\/\/cnctulua.tv\/index.php?rest_route=\/wp\/v2\/posts\/20064\/revisions"}],"predecessor-version":[{"id":20067,"href":"https:\/\/cnctulua.tv\/index.php?rest_route=\/wp\/v2\/posts\/20064\/revisions\/20067"}],"wp:featuredmedia":[{"embeddable":true,"href":"https:\/\/cnctulua.tv\/index.php?rest_route=\/wp\/v2\/media\/20066"}],"wp:attachment":[{"href":"https:\/\/cnctulua.tv\/index.php?rest_route=%2Fwp%2Fv2%2Fmedia&parent=20064"}],"wp:term":[{"taxonomy":"category","embeddable":true,"href":"https:\/\/cnctulua.tv\/index.php?rest_route=%2Fwp%2Fv2%2Fcategories&post=20064"},{"taxonomy":"post_tag","embeddable":true,"href":"https:\/\/cnctulua.tv\/index.php?rest_route=%2Fwp%2Fv2%2Ftags&post=20064"}],"curies":[{"name":"wp","href":"https:\/\/api.w.org\/{rel}","templated":true}]}}