{"id":20068,"date":"2024-05-31T20:35:42","date_gmt":"2024-05-31T20:35:42","guid":{"rendered":"https:\/\/cnctulua.tv\/?p=20068"},"modified":"2024-05-31T20:35:51","modified_gmt":"2024-05-31T20:35:51","slug":"finalizo-ciclo-de-practica-de-28-nuevos-medicos-ucevistas-en-alianza-estrategica-con-h-d-t-u-u-de-tulua","status":"publish","type":"post","link":"https:\/\/cnctulua.tv\/?p=20068","title":{"rendered":"FINALIZ\u00d3 CICLO DE PR\u00c1CTICA DE 28 NUEVOS M\u00c9DICOS UCEVISTAS EN ALIANZA ESTRAT\u00c9GICA CON H.D.T.U.U. DE TULU\u00c1."},"content":{"rendered":"\n<p>En un acto lleno de emotividad y reconocimiento, el decano de la Facultad de Ciencias de la Salud de la Universidad Central del Valle del Cauca (UCEVA), destac\u00f3 la trascendencia del ciclo acad\u00e9mico reci\u00e9n concluido. M\u00e1s que un logro individual, lo se\u00f1al\u00f3 como un hito significativo en la creciente demanda de profesionales de la salud en diversas \u00e1reas y regiones del pa\u00eds.<\/p>\n\n\n\n<p><\/p>\n\n\n\n<figure class=\"wp-block-embed is-type-video is-provider-youtube wp-block-embed-youtube wp-embed-aspect-16-9 wp-has-aspect-ratio\"><div class=\"wp-block-embed__wrapper\">\n<iframe loading=\"lazy\" title=\"La UCEVA y el Hospital Departamental Tom\u00e1s Uribe celebran la graduaci\u00f3n de 28 nuevos M\u00e9dicos.\" width=\"640\" height=\"360\" src=\"https:\/\/www.youtube.com\/embed\/HdVoFuosy9k?feature=oembed\" frameborder=\"0\" allow=\"accelerometer; autoplay; clipboard-write; encrypted-media; gyroscope; picture-in-picture; web-share\" referrerpolicy=\"strict-origin-when-cross-origin\" allowfullscreen><\/iframe>\n<\/div><\/figure>\n\n\n\n<p>\u00abPara nosotros no solo es motivo de orgullo, sino una responsabilidad vital\u00bb, afirm\u00f3 el decano. \u00abLa imperiosa necesidad de personal sanitario es un hecho conocido, y este ciclo de graduaci\u00f3n no solo representa la culminaci\u00f3n de un proceso acad\u00e9mico, sino tambi\u00e9n el inicio de un compromiso con la sociedad\u00bb.<\/p>\n\n\n\n<p>La colaboraci\u00f3n continua entre la UCEVA y el Hospital Departamental Tom\u00e1s Uribe ha sido fundamental en este logro. La recepci\u00f3n de nuevos grupos de m\u00e9dicos cada semestre no solo asegura una formaci\u00f3n integral para los estudiantes, sino que tambi\u00e9n fortalece el sistema de salud en la regi\u00f3n y m\u00e1s all\u00e1.<\/p>\n\n\n\n<p>El decano resalt\u00f3 el liderazgo del Dr. Felipe Jos\u00e9 Tinoco en la b\u00fasqueda de la acreditaci\u00f3n de alta calidad para la instituci\u00f3n. \u00abLa acreditaci\u00f3n no es solo un llamado para algunos, sino para todos\u00bb, enfatiz\u00f3. \u00abEs una oportunidad \u00fanica para nuestros estudiantes de vivir una experiencia hospitalaria en un entorno acreditado, lo que potencia sus capacidades y enriquece su formaci\u00f3n acad\u00e9mica\u00bb.<\/p>\n\n\n\n<p>Con la graduaci\u00f3n de estos 28 m\u00e9dicos, la UCEVA reafirma su posici\u00f3n como una instituci\u00f3n l\u00edder en la formaci\u00f3n de profesionales comprometidos con el servicio a la comunidad y la mejora del sistema de salud en Colombia.<\/p>\n","protected":false},"excerpt":{"rendered":"<p>En un acto lleno de emotividad y reconocimiento, el decano de la Facultad de Ciencias de la Salud de la Universidad Central del Valle del Cauca (UCEVA), destac\u00f3 la trascendencia del ciclo acad\u00e9mico reci\u00e9n concluido. M\u00e1s que un logro individual, lo se\u00f1al\u00f3 como un hito significativo en la creciente demanda de profesionales de la salud [&hellip;]<\/p>\n","protected":false},"author":3,"featured_media":20069,"comment_status":"open","ping_status":"open","sticky":false,"template":"","format":"video","meta":{"footnotes":""},"categories":[10],"tags":[],"class_list":["post-20068","post","type-post","status-publish","format-video","has-post-thumbnail","hentry","category-cnc-noticias-tulua","post_format-post-format-video"],"_links":{"self":[{"href":"https:\/\/cnctulua.tv\/index.php?rest_route=\/wp\/v2\/posts\/20068","targetHints":{"allow":["GET"]}}],"collection":[{"href":"https:\/\/cnctulua.tv\/index.php?rest_route=\/wp\/v2\/posts"}],"about":[{"href":"https:\/\/cnctulua.tv\/index.php?rest_route=\/wp\/v2\/types\/post"}],"author":[{"embeddable":true,"href":"https:\/\/cnctulua.tv\/index.php?rest_route=\/wp\/v2\/users\/3"}],"replies":[{"embeddable":true,"href":"https:\/\/cnctulua.tv\/index.php?rest_route=%2Fwp%2Fv2%2Fcomments&post=20068"}],"version-history":[{"count":1,"href":"https:\/\/cnctulua.tv\/index.php?rest_route=\/wp\/v2\/posts\/20068\/revisions"}],"predecessor-version":[{"id":20070,"href":"https:\/\/cnctulua.tv\/index.php?rest_route=\/wp\/v2\/posts\/20068\/revisions\/20070"}],"wp:featuredmedia":[{"embeddable":true,"href":"https:\/\/cnctulua.tv\/index.php?rest_route=\/wp\/v2\/media\/20069"}],"wp:attachment":[{"href":"https:\/\/cnctulua.tv\/index.php?rest_route=%2Fwp%2Fv2%2Fmedia&parent=20068"}],"wp:term":[{"taxonomy":"category","embeddable":true,"href":"https:\/\/cnctulua.tv\/index.php?rest_route=%2Fwp%2Fv2%2Fcategories&post=20068"},{"taxonomy":"post_tag","embeddable":true,"href":"https:\/\/cnctulua.tv\/index.php?rest_route=%2Fwp%2Fv2%2Ftags&post=20068"}],"curies":[{"name":"wp","href":"https:\/\/api.w.org\/{rel}","templated":true}]}}