{"id":20071,"date":"2024-05-31T20:47:26","date_gmt":"2024-05-31T20:47:26","guid":{"rendered":"https:\/\/cnctulua.tv\/?p=20071"},"modified":"2024-05-31T20:47:31","modified_gmt":"2024-05-31T20:47:31","slug":"este-sabado-1-de-junio-conversatorios-ciudadanos-en-trujillo-y-san-pedro","status":"publish","type":"post","link":"https:\/\/cnctulua.tv\/?p=20071","title":{"rendered":"ESTE S\u00c1BADO 1 DE JUNIO CONVERSATORIOS CIUDADANOS EN TRUJILLO Y SAN PEDRO."},"content":{"rendered":"\n<p>El coraz\u00f3n del departamento ser\u00e1 el escenario de los Conversatorios Ciudadanos este s\u00e1bado 1 de junio, cuando la gobernadora del Valle del Cauca, Dilian Francisca Toro, visitar\u00e1 Trujillo y San Pedro para escuchar a la comunidad.<\/p>\n\n\n\n<figure class=\"wp-block-embed is-type-video is-provider-youtube wp-block-embed-youtube wp-embed-aspect-16-9 wp-has-aspect-ratio\"><div class=\"wp-block-embed__wrapper\">\n<iframe loading=\"lazy\" title=\"Conversatorios Ciudadanos en Trujillo y San Pedro este 1 de junio.\" width=\"640\" height=\"360\" src=\"https:\/\/www.youtube.com\/embed\/fZhMCzeGhek?feature=oembed\" frameborder=\"0\" allow=\"accelerometer; autoplay; clipboard-write; encrypted-media; gyroscope; picture-in-picture; web-share\" referrerpolicy=\"strict-origin-when-cross-origin\" allowfullscreen><\/iframe>\n<\/div><\/figure>\n\n\n\n<p><\/p>\n\n\n\n<p>A partir de las 8:30 a.m., el coliseo \u2018Leonel Garc\u00eda\u2019 de Trujillo se convertir\u00e1 en el epicentro de este importante ejercicio de participaci\u00f3n ciudadana. La gobernadora y su equipo de trabajo se reunir\u00e1n con los habitantes para conocer de primera mano sus inquietudes y propuestas.<\/p>\n\n\n\n<p>En horas de la tarde, a las 2:00 p.m., el encuentro se trasladar\u00e1 al Centro de Integraci\u00f3n Ciudadana de San Pedro, donde continuar\u00e1 este di\u00e1logo directo con la poblaci\u00f3n local.<\/p>\n\n\n\n<p>Liza Rodr\u00edguez, secretaria General del departamento, hizo un llamado a la comunidad: \u201cInvitamos a la comunidad de San Pedro y Trujillo a los Conversatorios Ciudadanos que lidera la gobernadora Dilian Francisca Toro. En este ejercicio estaremos con el alcalde y la ciudadan\u00eda para que nos presenten sus requerimientos\u201d.<\/p>\n\n\n\n<p>A trav\u00e9s de estos conversatorios, los representantes de la comunidad tendr\u00e1n la oportunidad de plantear los proyectos m\u00e1s importantes para sus municipios. Los ciudadanos, mediante su participaci\u00f3n, determinar\u00e1n cu\u00e1les iniciativas deben ser priorizadas por el Gobierno del Valle del Cauca.<\/p>\n\n\n\n<p>Este evento no solo fortalece la relaci\u00f3n entre la administraci\u00f3n departamental y los ciudadanos, sino que tambi\u00e9n promueve un ejercicio democr\u00e1tico donde las voces de la comunidad son escuchadas y consideradas en la planificaci\u00f3n de proyectos futuros.<\/p>\n","protected":false},"excerpt":{"rendered":"<p>El coraz\u00f3n del departamento ser\u00e1 el escenario de los Conversatorios Ciudadanos este s\u00e1bado 1 de junio, cuando la gobernadora del Valle del Cauca, Dilian Francisca Toro, visitar\u00e1 Trujillo y San Pedro para escuchar a la comunidad. A partir de las 8:30 a.m., el coliseo \u2018Leonel Garc\u00eda\u2019 de Trujillo se convertir\u00e1 en el epicentro de este [&hellip;]<\/p>\n","protected":false},"author":3,"featured_media":20072,"comment_status":"open","ping_status":"open","sticky":false,"template":"","format":"video","meta":{"footnotes":""},"categories":[10],"tags":[],"class_list":["post-20071","post","type-post","status-publish","format-video","has-post-thumbnail","hentry","category-cnc-noticias-tulua","post_format-post-format-video"],"_links":{"self":[{"href":"https:\/\/cnctulua.tv\/index.php?rest_route=\/wp\/v2\/posts\/20071","targetHints":{"allow":["GET"]}}],"collection":[{"href":"https:\/\/cnctulua.tv\/index.php?rest_route=\/wp\/v2\/posts"}],"about":[{"href":"https:\/\/cnctulua.tv\/index.php?rest_route=\/wp\/v2\/types\/post"}],"author":[{"embeddable":true,"href":"https:\/\/cnctulua.tv\/index.php?rest_route=\/wp\/v2\/users\/3"}],"replies":[{"embeddable":true,"href":"https:\/\/cnctulua.tv\/index.php?rest_route=%2Fwp%2Fv2%2Fcomments&post=20071"}],"version-history":[{"count":1,"href":"https:\/\/cnctulua.tv\/index.php?rest_route=\/wp\/v2\/posts\/20071\/revisions"}],"predecessor-version":[{"id":20073,"href":"https:\/\/cnctulua.tv\/index.php?rest_route=\/wp\/v2\/posts\/20071\/revisions\/20073"}],"wp:featuredmedia":[{"embeddable":true,"href":"https:\/\/cnctulua.tv\/index.php?rest_route=\/wp\/v2\/media\/20072"}],"wp:attachment":[{"href":"https:\/\/cnctulua.tv\/index.php?rest_route=%2Fwp%2Fv2%2Fmedia&parent=20071"}],"wp:term":[{"taxonomy":"category","embeddable":true,"href":"https:\/\/cnctulua.tv\/index.php?rest_route=%2Fwp%2Fv2%2Fcategories&post=20071"},{"taxonomy":"post_tag","embeddable":true,"href":"https:\/\/cnctulua.tv\/index.php?rest_route=%2Fwp%2Fv2%2Ftags&post=20071"}],"curies":[{"name":"wp","href":"https:\/\/api.w.org\/{rel}","templated":true}]}}