{"id":20074,"date":"2024-05-31T21:02:14","date_gmt":"2024-05-31T21:02:14","guid":{"rendered":"https:\/\/cnctulua.tv\/?p=20074"},"modified":"2024-05-31T21:03:01","modified_gmt":"2024-05-31T21:03:01","slug":"reconocimiento-a-los-para-atletas-valle-oro-puro-tras-su-destacada-participacion-en-el-campeonato-mundial-de-para-atletismo-2024","status":"publish","type":"post","link":"https:\/\/cnctulua.tv\/?p=20074","title":{"rendered":"RECONOCIMIENTO A LOS PARA ATLETAS VALLE ORO PURO TRAS SU DESTACADA PARTICIPACI\u00d3N EN EL CAMPEONATO MUNDIAL DE PARA ATLETISMO 2024."},"content":{"rendered":"\n<p>Los para atletas del equipo Valle Oro Puro regresaron a casa tras su destacada actuaci\u00f3n en el Campeonato Mundial de Para Atletismo 2024, celebrado en Kobe, Jap\u00f3n. Este grupo de atletas, respaldado por el Gobierno departamental y el Instituto del Deporte y la Recreaci\u00f3n del Valle del Cauca (Indervalle), brill\u00f3 en la competici\u00f3n internacional.<\/p>\n\n\n\n<figure class=\"wp-block-embed is-provider-youtube wp-block-embed-youtube\"><div class=\"wp-block-embed__wrapper\">\n<iframe loading=\"lazy\" title=\"Destacada participaci\u00f3n de Para Atletas del Valle Oro Puro en Campeonato Mundial de Atletismo 2024.\" width=\"640\" height=\"360\" src=\"https:\/\/www.youtube.com\/embed\/Ua0di_lmPe0?feature=oembed\" frameborder=\"0\" allow=\"accelerometer; autoplay; clipboard-write; encrypted-media; gyroscope; picture-in-picture; web-share\" referrerpolicy=\"strict-origin-when-cross-origin\" allowfullscreen><\/iframe>\n<\/div><\/figure>\n\n\n\n<p>En un emotivo encuentro, los deportistas fueron recibidos por Ana Milena Orozco, gerente de Indervalle, quien les brind\u00f3 un merecido reconocimiento en nombre de la instituci\u00f3n y ratific\u00f3 el compromiso continuo del gobierno local con el deporte adaptado. Durante el encuentro, se resaltaron los logros individuales y colectivos de los atletas, as\u00ed como la importancia del apoyo recibido para su preparaci\u00f3n y participaci\u00f3n en eventos de talla mundial.<\/p>\n\n\n\n<figure class=\"wp-block-image size-large\"><img loading=\"lazy\" decoding=\"async\" width=\"1024\" height=\"682\" src=\"https:\/\/cnctulua.tv\/wp-content\/uploads\/2024\/05\/reconocimiento-atletas-6-1024x682.jpg\" alt=\"\" class=\"wp-image-20075\" srcset=\"https:\/\/cnctulua.tv\/wp-content\/uploads\/2024\/05\/reconocimiento-atletas-6-1024x682.jpg 1024w, https:\/\/cnctulua.tv\/wp-content\/uploads\/2024\/05\/reconocimiento-atletas-6-300x200.jpg 300w, https:\/\/cnctulua.tv\/wp-content\/uploads\/2024\/05\/reconocimiento-atletas-6-768x512.jpg 768w, https:\/\/cnctulua.tv\/wp-content\/uploads\/2024\/05\/reconocimiento-atletas-6-1536x1023.jpg 1536w, https:\/\/cnctulua.tv\/wp-content\/uploads\/2024\/05\/reconocimiento-atletas-6.jpg 1600w\" sizes=\"auto, (max-width: 1024px) 100vw, 1024px\" \/><\/figure>\n\n\n\n<p>Entre los destacados atletas que subieron al podio se encuentran Erika Casta\u00f1o, Jos\u00e9 Gregorio Lemos, Luis Fernando Lucum\u00ed, y Darian Faisury Jim\u00e9nez, quienes se hicieron merecedores de medallas de oro, plata y bronce en diversas disciplinas para atletas con discapacidad. Adem\u00e1s, se reconoci\u00f3 el valioso aporte de los entrenadores vallecaucanos Alonso Mina y Freiman Arias, cuya labor ha sido fundamental en el \u00e9xito del equipo.<\/p>\n\n\n\n<p>Este triunfo no solo enaltece el esfuerzo y dedicaci\u00f3n de los para atletas del Valle Oro Puro, sino que tambi\u00e9n consolida su posici\u00f3n como referentes en el \u00e1mbito deportivo adaptado a nivel nacional e internacional. Con la mirada puesta en los pr\u00f3ximos desaf\u00edos, como los Juegos Paral\u00edmpicos de Par\u00eds 2024, estos deportistas contin\u00faan inspirando a toda una comunidad y demostrando que los l\u00edmites solo existen para ser superados.<\/p>\n","protected":false},"excerpt":{"rendered":"<p>Los para atletas del equipo Valle Oro Puro regresaron a casa tras su destacada actuaci\u00f3n en el Campeonato Mundial de Para Atletismo 2024, celebrado en Kobe, Jap\u00f3n. Este grupo de atletas, respaldado por el Gobierno departamental y el Instituto del Deporte y la Recreaci\u00f3n del Valle del Cauca (Indervalle), brill\u00f3 en la competici\u00f3n internacional. En [&hellip;]<\/p>\n","protected":false},"author":3,"featured_media":20076,"comment_status":"open","ping_status":"open","sticky":false,"template":"","format":"video","meta":{"footnotes":""},"categories":[10],"tags":[],"class_list":["post-20074","post","type-post","status-publish","format-video","has-post-thumbnail","hentry","category-cnc-noticias-tulua","post_format-post-format-video"],"_links":{"self":[{"href":"https:\/\/cnctulua.tv\/index.php?rest_route=\/wp\/v2\/posts\/20074","targetHints":{"allow":["GET"]}}],"collection":[{"href":"https:\/\/cnctulua.tv\/index.php?rest_route=\/wp\/v2\/posts"}],"about":[{"href":"https:\/\/cnctulua.tv\/index.php?rest_route=\/wp\/v2\/types\/post"}],"author":[{"embeddable":true,"href":"https:\/\/cnctulua.tv\/index.php?rest_route=\/wp\/v2\/users\/3"}],"replies":[{"embeddable":true,"href":"https:\/\/cnctulua.tv\/index.php?rest_route=%2Fwp%2Fv2%2Fcomments&post=20074"}],"version-history":[{"count":1,"href":"https:\/\/cnctulua.tv\/index.php?rest_route=\/wp\/v2\/posts\/20074\/revisions"}],"predecessor-version":[{"id":20077,"href":"https:\/\/cnctulua.tv\/index.php?rest_route=\/wp\/v2\/posts\/20074\/revisions\/20077"}],"wp:featuredmedia":[{"embeddable":true,"href":"https:\/\/cnctulua.tv\/index.php?rest_route=\/wp\/v2\/media\/20076"}],"wp:attachment":[{"href":"https:\/\/cnctulua.tv\/index.php?rest_route=%2Fwp%2Fv2%2Fmedia&parent=20074"}],"wp:term":[{"taxonomy":"category","embeddable":true,"href":"https:\/\/cnctulua.tv\/index.php?rest_route=%2Fwp%2Fv2%2Fcategories&post=20074"},{"taxonomy":"post_tag","embeddable":true,"href":"https:\/\/cnctulua.tv\/index.php?rest_route=%2Fwp%2Fv2%2Ftags&post=20074"}],"curies":[{"name":"wp","href":"https:\/\/api.w.org\/{rel}","templated":true}]}}