{"id":20078,"date":"2024-05-31T21:14:45","date_gmt":"2024-05-31T21:14:45","guid":{"rendered":"https:\/\/cnctulua.tv\/?p=20078"},"modified":"2024-05-31T21:14:54","modified_gmt":"2024-05-31T21:14:54","slug":"culmina-el-ciclo-de-practica-de-28-medicos-internos-de-uceva-en-el-h-d-t-u-u-de-tulua","status":"publish","type":"post","link":"https:\/\/cnctulua.tv\/?p=20078","title":{"rendered":"CULMINA EL CICLO DE PR\u00c1CTICA DE 28 M\u00c9DICOS INTERNOS DE UCEVA EN EL H.D.T.U.U. DE TULU\u00c1."},"content":{"rendered":"\n<p>En una ma\u00f1ana cargada de emotividad y reconocimiento, se llev\u00f3 a cabo el cierre del ciclo de pr\u00e1ctica de los 28 m\u00e9dicos internos de la UCEVA &#8211; Unidad Central del Valle del Cauca en el Hospital Departamental Tom\u00e1s Uribe Uribe de Tulu\u00e1. El evento, marcado por la gratitud y el amor entre los estudiantes y la instituci\u00f3n que los alberg\u00f3, se convirti\u00f3 en un hito memorable en la trayectoria profesional de estos j\u00f3venes m\u00e9dicos.<\/p>\n\n\n\n<figure class=\"wp-block-embed is-type-video is-provider-youtube wp-block-embed-youtube wp-embed-aspect-16-9 wp-has-aspect-ratio\"><div class=\"wp-block-embed__wrapper\">\n<iframe loading=\"lazy\" title=\"H.D.T.U.U realiz\u00f3 un desayuno en homenaje a los 28 m\u00e9dicos internos de la UCEVA.\" width=\"640\" height=\"360\" src=\"https:\/\/www.youtube.com\/embed\/ClWOuVG1HUU?feature=oembed\" frameborder=\"0\" allow=\"accelerometer; autoplay; clipboard-write; encrypted-media; gyroscope; picture-in-picture; web-share\" referrerpolicy=\"strict-origin-when-cross-origin\" allowfullscreen><\/iframe>\n<\/div><\/figure>\n\n\n\n<p><\/p>\n\n\n\n<p>Desde tempranas horas, el ambiente en el hospital se llen\u00f3 de camarader\u00eda y nostalgia, mientras los m\u00e9dicos internos compart\u00edan an\u00e9cdotas y reflexiones sobre su experiencia en el centro de salud. Acompa\u00f1ados por sus compa\u00f1eros, profesores y autoridades de la UCEVA, los estudiantes fueron recibidos con aplausos y muestras de aprecio por parte de todos los presentes.<\/p>\n\n\n\n<p>Durante el acto, se destac\u00f3 el compromiso y la dedicaci\u00f3n demostrados por los m\u00e9dicos internos a lo largo de su estad\u00eda en el hospital. Su labor no solo ha contribuido al fortalecimiento de sus habilidades profesionales, sino que tambi\u00e9n ha dejado una huella positiva en la comunidad y en los pacientes a los que han atendido con esmero y vocaci\u00f3n.<\/p>\n\n\n\n\n\n<p>Para los estudiantes, este momento marca el inicio de una nueva etapa en sus carreras profesionales. Con la experiencia adquirida durante su pr\u00e1ctica en el hospital, se preparan para enfrentar los desaf\u00edos y oportunidades que les depara el futuro, siempre guiados por los valores \u00e9ticos y humanos que caracterizan a la profesi\u00f3n m\u00e9dica.<\/p>\n\n\n\n<p>La UCEVA, en un gesto de agradecimiento y reconocimiento, organiz\u00f3 un emotivo desayuno en honor a los m\u00e9dicos internos, donde se resalt\u00f3 su valiosa contribuci\u00f3n al servicio de la salud en la regi\u00f3n. Este encuentro no solo sirvi\u00f3 para celebrar los logros alcanzados, sino tambi\u00e9n para reafirmar el compromiso de la instituci\u00f3n con la formaci\u00f3n integral de sus estudiantes y el bienestar de la comunidad.<\/p>\n\n\n\n<p>Con este cierre de ciclo, los m\u00e9dicos internos de la UCEVA se despiden del Hospital Departamental Tom\u00e1s Uribe Uribe de Tulu\u00e1 con la satisfacci\u00f3n del deber cumplido y la certeza de haber dejado una huella imborrable en su paso por esta prestigiosa instituci\u00f3n de salud.<\/p>\n","protected":false},"excerpt":{"rendered":"<p>En una ma\u00f1ana cargada de emotividad y reconocimiento, se llev\u00f3 a cabo el cierre del ciclo de pr\u00e1ctica de los 28 m\u00e9dicos internos de la UCEVA &#8211; Unidad Central del Valle del Cauca en el Hospital Departamental Tom\u00e1s Uribe Uribe de Tulu\u00e1. El evento, marcado por la gratitud y el amor entre los estudiantes y [&hellip;]<\/p>\n","protected":false},"author":3,"featured_media":20079,"comment_status":"open","ping_status":"open","sticky":false,"template":"","format":"video","meta":{"footnotes":""},"categories":[10],"tags":[],"class_list":["post-20078","post","type-post","status-publish","format-video","has-post-thumbnail","hentry","category-cnc-noticias-tulua","post_format-post-format-video"],"_links":{"self":[{"href":"https:\/\/cnctulua.tv\/index.php?rest_route=\/wp\/v2\/posts\/20078","targetHints":{"allow":["GET"]}}],"collection":[{"href":"https:\/\/cnctulua.tv\/index.php?rest_route=\/wp\/v2\/posts"}],"about":[{"href":"https:\/\/cnctulua.tv\/index.php?rest_route=\/wp\/v2\/types\/post"}],"author":[{"embeddable":true,"href":"https:\/\/cnctulua.tv\/index.php?rest_route=\/wp\/v2\/users\/3"}],"replies":[{"embeddable":true,"href":"https:\/\/cnctulua.tv\/index.php?rest_route=%2Fwp%2Fv2%2Fcomments&post=20078"}],"version-history":[{"count":2,"href":"https:\/\/cnctulua.tv\/index.php?rest_route=\/wp\/v2\/posts\/20078\/revisions"}],"predecessor-version":[{"id":20082,"href":"https:\/\/cnctulua.tv\/index.php?rest_route=\/wp\/v2\/posts\/20078\/revisions\/20082"}],"wp:featuredmedia":[{"embeddable":true,"href":"https:\/\/cnctulua.tv\/index.php?rest_route=\/wp\/v2\/media\/20079"}],"wp:attachment":[{"href":"https:\/\/cnctulua.tv\/index.php?rest_route=%2Fwp%2Fv2%2Fmedia&parent=20078"}],"wp:term":[{"taxonomy":"category","embeddable":true,"href":"https:\/\/cnctulua.tv\/index.php?rest_route=%2Fwp%2Fv2%2Fcategories&post=20078"},{"taxonomy":"post_tag","embeddable":true,"href":"https:\/\/cnctulua.tv\/index.php?rest_route=%2Fwp%2Fv2%2Ftags&post=20078"}],"curies":[{"name":"wp","href":"https:\/\/api.w.org\/{rel}","templated":true}]}}