{"id":20089,"date":"2024-05-31T21:36:57","date_gmt":"2024-05-31T21:36:57","guid":{"rendered":"https:\/\/cnctulua.tv\/?p=20089"},"modified":"2024-05-31T21:37:07","modified_gmt":"2024-05-31T21:37:07","slug":"gobernacion-del-valle-del-cauca-alcaldia-de-cali-y-jep-inician-plan-de-trabajo-para-atencion-y-reparacion-de-victimas-del-conflicto-armado","status":"publish","type":"post","link":"https:\/\/cnctulua.tv\/?p=20089","title":{"rendered":"GOBERNACI\u00d3N DEL VALLE DEL CAUCA, ALCALD\u00cdA DE CALI Y JEP INICIAN PLAN DE TRABAJO PARA ATENCI\u00d3N Y REPARACI\u00d3N DE V\u00cdCTIMAS DEL CONFLICTO ARMADO."},"content":{"rendered":"\n<p>En un esfuerzo colaborativo por impulsar la reconciliaci\u00f3n y la reparaci\u00f3n de v\u00edctimas del conflicto armado en Colombia, la Gobernaci\u00f3n del Valle del Cauca, la Alcald\u00eda de Cali y la Jurisdicci\u00f3n Especial para la Paz (JEP) han dado inicio a un ambicioso plan de trabajo.<\/p>\n\n\n\n<figure class=\"wp-block-embed is-type-video is-provider-youtube wp-block-embed-youtube wp-embed-aspect-16-9 wp-has-aspect-ratio\"><div class=\"wp-block-embed__wrapper\">\n<iframe loading=\"lazy\" title=\"Valle del Cauca, Cali y JEP se unen para reparar v\u00edctimas del conflicto armado.\" width=\"640\" height=\"360\" src=\"https:\/\/www.youtube.com\/embed\/G6db09gv1yM?feature=oembed\" frameborder=\"0\" allow=\"accelerometer; autoplay; clipboard-write; encrypted-media; gyroscope; picture-in-picture; web-share\" referrerpolicy=\"strict-origin-when-cross-origin\" allowfullscreen><\/iframe>\n<\/div><\/figure>\n\n\n\n<p><\/p>\n\n\n\n<p>\u00abEstamos dise\u00f1ando un plan de trabajo que nos permita dinamizar acciones pedag\u00f3gicas y de justicia restaurativa\u00bb, afirm\u00f3 Mar\u00eda Camila Mantilla Vivas, Secretaria de Paz Territorial y Reconciliaci\u00f3n del Valle del Cauca. \u00abQueremos identificar acciones que posibiliten din\u00e1micas de reparaci\u00f3n para las v\u00edctimas, involucrando a firmantes del acuerdo de paz y miembros de la fuerza p\u00fablica.\u00bb<\/p>\n\n\n\n<p>Desde el equipo defensor de las extintas FARC ante la JEP, Cristian Camilo Galvis se\u00f1al\u00f3: \u00abEstamos sumando esfuerzos y voluntades para impulsar el proceso de reconciliaci\u00f3n y aportar a la reparaci\u00f3n de las v\u00edctimas y la reconstrucci\u00f3n del tejido social roto por el conflicto armado.\u00bb<\/p>\n\n\n\n<p>Juan Manuel Torres Erazo, Subsecretario de Derechos Humanos y Construcci\u00f3n de Paz de Cali, resalt\u00f3 la importancia de que \u00abla comunidad conozca todas las acciones que se vienen realizando para respaldar estos ejercicios, porque toda la institucionalidad est\u00e1 volcada para lograr los mejores resultados\u00bb.<\/p>\n\n\n\n<p>En el Valle del Cauca, se est\u00e1n implementando tres Trabajos, Obras y Acciones con Contenido Restaurador (TOARS), en los que participan activamente los comparecientes y las v\u00edctimas. Estas iniciativas buscan construir mecanismos que permitan la restauraci\u00f3n del da\u00f1o causado por el conflicto armado en la regi\u00f3n.<\/p>\n","protected":false},"excerpt":{"rendered":"<p>En un esfuerzo colaborativo por impulsar la reconciliaci\u00f3n y la reparaci\u00f3n de v\u00edctimas del conflicto armado en Colombia, la Gobernaci\u00f3n del Valle del Cauca, la Alcald\u00eda de Cali y la Jurisdicci\u00f3n Especial para la Paz (JEP) han dado inicio a un ambicioso plan de trabajo. \u00abEstamos dise\u00f1ando un plan de trabajo que nos permita dinamizar [&hellip;]<\/p>\n","protected":false},"author":3,"featured_media":20090,"comment_status":"open","ping_status":"open","sticky":false,"template":"","format":"video","meta":{"footnotes":""},"categories":[10],"tags":[],"class_list":["post-20089","post","type-post","status-publish","format-video","has-post-thumbnail","hentry","category-cnc-noticias-tulua","post_format-post-format-video"],"_links":{"self":[{"href":"https:\/\/cnctulua.tv\/index.php?rest_route=\/wp\/v2\/posts\/20089","targetHints":{"allow":["GET"]}}],"collection":[{"href":"https:\/\/cnctulua.tv\/index.php?rest_route=\/wp\/v2\/posts"}],"about":[{"href":"https:\/\/cnctulua.tv\/index.php?rest_route=\/wp\/v2\/types\/post"}],"author":[{"embeddable":true,"href":"https:\/\/cnctulua.tv\/index.php?rest_route=\/wp\/v2\/users\/3"}],"replies":[{"embeddable":true,"href":"https:\/\/cnctulua.tv\/index.php?rest_route=%2Fwp%2Fv2%2Fcomments&post=20089"}],"version-history":[{"count":1,"href":"https:\/\/cnctulua.tv\/index.php?rest_route=\/wp\/v2\/posts\/20089\/revisions"}],"predecessor-version":[{"id":20091,"href":"https:\/\/cnctulua.tv\/index.php?rest_route=\/wp\/v2\/posts\/20089\/revisions\/20091"}],"wp:featuredmedia":[{"embeddable":true,"href":"https:\/\/cnctulua.tv\/index.php?rest_route=\/wp\/v2\/media\/20090"}],"wp:attachment":[{"href":"https:\/\/cnctulua.tv\/index.php?rest_route=%2Fwp%2Fv2%2Fmedia&parent=20089"}],"wp:term":[{"taxonomy":"category","embeddable":true,"href":"https:\/\/cnctulua.tv\/index.php?rest_route=%2Fwp%2Fv2%2Fcategories&post=20089"},{"taxonomy":"post_tag","embeddable":true,"href":"https:\/\/cnctulua.tv\/index.php?rest_route=%2Fwp%2Fv2%2Ftags&post=20089"}],"curies":[{"name":"wp","href":"https:\/\/api.w.org\/{rel}","templated":true}]}}