{"id":20098,"date":"2024-06-04T16:12:31","date_gmt":"2024-06-04T16:12:31","guid":{"rendered":"https:\/\/cnctulua.tv\/?p=20098"},"modified":"2024-06-04T16:12:36","modified_gmt":"2024-06-04T16:12:36","slug":"infivalle-presenta-fonder-valle-innovacion-en-el-financiamiento-para-microempresarios-en-valle-del-cauca","status":"publish","type":"post","link":"https:\/\/cnctulua.tv\/?p=20098","title":{"rendered":"INFIVALLE PRESENTA &#8216;FONDER VALLE&#8217;: INNOVACI\u00d3N EN EL FINANCIAMIENTO PARA MICROEMPRESARIOS EN VALLE DEL CAUCA."},"content":{"rendered":"\n<p>En un movimiento estrat\u00e9gico para fortalecer el entorno empresarial del Valle del Cauca, Infivalle anuncia el lanzamiento de &#8216;Fonder Valle&#8217;, un fondo dise\u00f1ado para impulsar el desarrollo de microempresas en la regi\u00f3n.<\/p>\n\n\n\n<figure class=\"wp-block-embed is-type-video is-provider-youtube wp-block-embed-youtube wp-embed-aspect-16-9 wp-has-aspect-ratio\"><div class=\"wp-block-embed__wrapper\">\n<iframe loading=\"lazy\" title=\"Creando Oportunidades: Infivalle lanza &#039;Fonder Valle&#039; para impulsar microempresas.\" width=\"640\" height=\"360\" src=\"https:\/\/www.youtube.com\/embed\/Wml_kdwkd5A?feature=oembed\" frameborder=\"0\" allow=\"accelerometer; autoplay; clipboard-write; encrypted-media; gyroscope; picture-in-picture; web-share\" referrerpolicy=\"strict-origin-when-cross-origin\" allowfullscreen><\/iframe>\n<\/div><\/figure>\n\n\n\n<p><\/p>\n\n\n\n<p>\u00abCon &#8216;Fonder Valle&#8217;, estamos abriendo nuevas puertas para los microempresarios locales\u00bb, afirma Giovanny Ram\u00edrez, gerente de Infivalle. \u00abEs una oportunidad \u00fanica para acceder a financiamiento y superar las barreras de la inclusi\u00f3n financiera en nuestra econom\u00eda\u00bb.<\/p>\n\n\n\n<p>El fondo, respaldado por una inversi\u00f3n inicial de 18 mil millones de pesos, surge como respuesta a la necesidad apremiante de los microempresarios de obtener acceso al cr\u00e9dito en un entorno econ\u00f3mico dominado por el pr\u00e9stamo informal, conocido como el \u00abgota a gota\u00bb.<\/p>\n\n\n\n<p>Ram\u00edrez destaca: \u00abCon &#8216;Fonder Valle&#8217;, ofrecemos dos l\u00edneas de cr\u00e9dito adaptadas a las necesidades de micro y medianos empresarios\u00bb. La primera l\u00ednea, con pr\u00e9stamos de hasta 5 millones de pesos, no cobra intereses, permitiendo as\u00ed un acceso m\u00e1s equitativo al financiamiento. \u00abEs una oportunidad para reducir la dependencia del pr\u00e9stamo informal y fortalecer la base empresarial del Valle del Cauca\u00bb, a\u00f1ade Ram\u00edrez.<\/p>\n\n\n\n<figure class=\"wp-block-image size-large is-resized\"><img loading=\"lazy\" decoding=\"async\" width=\"1024\" height=\"575\" src=\"https:\/\/cnctulua.tv\/wp-content\/uploads\/2024\/06\/FONDERVALLE-1024x575.png\" alt=\"\" class=\"wp-image-20099\" style=\"width:875px;height:auto\" srcset=\"https:\/\/cnctulua.tv\/wp-content\/uploads\/2024\/06\/FONDERVALLE-1024x575.png 1024w, https:\/\/cnctulua.tv\/wp-content\/uploads\/2024\/06\/FONDERVALLE-300x168.png 300w, https:\/\/cnctulua.tv\/wp-content\/uploads\/2024\/06\/FONDERVALLE-768x431.png 768w, https:\/\/cnctulua.tv\/wp-content\/uploads\/2024\/06\/FONDERVALLE.png 1096w\" sizes=\"auto, (max-width: 1024px) 100vw, 1024px\" \/><\/figure>\n\n\n\n<p>Si bien se priorizan municipios con altos \u00edndices de pobreza multidimensional, como Buenaventura y Bugalagrande, la convocatoria est\u00e1 abierta para todos los municipios del departamento. \u00abQueremos que todos los microempresarios tengan la oportunidad de participar\u00bb, enfatiza Ram\u00edrez.<\/p>\n\n\n\n<p>La primera convocatoria de &#8216;Fonder Valle&#8217; cierra el 16 de junio. Los interesados pueden encontrar m\u00e1s informaci\u00f3n y acceder al formulario de inscripci\u00f3n en la p\u00e1gina oficial del fondo.<\/p>\n\n\n\n<p>&#8216;Fonder Valle&#8217; representa un hito en el panorama financiero del Valle del Cauca, ofreciendo oportunidades tangibles para el crecimiento y la estabilidad de las microempresas locales.<\/p>\n","protected":false},"excerpt":{"rendered":"<p>En un movimiento estrat\u00e9gico para fortalecer el entorno empresarial del Valle del Cauca, Infivalle anuncia el lanzamiento de &#8216;Fonder Valle&#8217;, un fondo dise\u00f1ado para impulsar el desarrollo de microempresas en la regi\u00f3n. \u00abCon &#8216;Fonder Valle&#8217;, estamos abriendo nuevas puertas para los microempresarios locales\u00bb, afirma Giovanny Ram\u00edrez, gerente de Infivalle. \u00abEs una oportunidad \u00fanica para acceder [&hellip;]<\/p>\n","protected":false},"author":3,"featured_media":20100,"comment_status":"open","ping_status":"open","sticky":false,"template":"","format":"video","meta":{"footnotes":""},"categories":[10],"tags":[],"class_list":["post-20098","post","type-post","status-publish","format-video","has-post-thumbnail","hentry","category-cnc-noticias-tulua","post_format-post-format-video"],"_links":{"self":[{"href":"https:\/\/cnctulua.tv\/index.php?rest_route=\/wp\/v2\/posts\/20098","targetHints":{"allow":["GET"]}}],"collection":[{"href":"https:\/\/cnctulua.tv\/index.php?rest_route=\/wp\/v2\/posts"}],"about":[{"href":"https:\/\/cnctulua.tv\/index.php?rest_route=\/wp\/v2\/types\/post"}],"author":[{"embeddable":true,"href":"https:\/\/cnctulua.tv\/index.php?rest_route=\/wp\/v2\/users\/3"}],"replies":[{"embeddable":true,"href":"https:\/\/cnctulua.tv\/index.php?rest_route=%2Fwp%2Fv2%2Fcomments&post=20098"}],"version-history":[{"count":1,"href":"https:\/\/cnctulua.tv\/index.php?rest_route=\/wp\/v2\/posts\/20098\/revisions"}],"predecessor-version":[{"id":20101,"href":"https:\/\/cnctulua.tv\/index.php?rest_route=\/wp\/v2\/posts\/20098\/revisions\/20101"}],"wp:featuredmedia":[{"embeddable":true,"href":"https:\/\/cnctulua.tv\/index.php?rest_route=\/wp\/v2\/media\/20100"}],"wp:attachment":[{"href":"https:\/\/cnctulua.tv\/index.php?rest_route=%2Fwp%2Fv2%2Fmedia&parent=20098"}],"wp:term":[{"taxonomy":"category","embeddable":true,"href":"https:\/\/cnctulua.tv\/index.php?rest_route=%2Fwp%2Fv2%2Fcategories&post=20098"},{"taxonomy":"post_tag","embeddable":true,"href":"https:\/\/cnctulua.tv\/index.php?rest_route=%2Fwp%2Fv2%2Ftags&post=20098"}],"curies":[{"name":"wp","href":"https:\/\/api.w.org\/{rel}","templated":true}]}}