{"id":20150,"date":"2024-06-04T21:34:19","date_gmt":"2024-06-04T21:34:19","guid":{"rendered":"https:\/\/cnctulua.tv\/?p=20150"},"modified":"2024-06-04T21:34:23","modified_gmt":"2024-06-04T21:34:23","slug":"gobernadora-del-valle-del-cauca-se-reune-con-comunidad-de-trujillo-para-discutir-proyectos-de-desarrollo","status":"publish","type":"post","link":"https:\/\/cnctulua.tv\/?p=20150","title":{"rendered":"GOBERNADORA DEL VALLE DEL CAUCA SE RE\u00daNE CON COMUNIDAD DE TRUJILLO PARA DISCUTIR PROYECTOS DE DESARROLLO."},"content":{"rendered":"\n<p>En un conversatorio en el municipio de Trujillo, la Gobernadora del Valle del Cauca, Dilian Francisca Toro, sostuvo un encuentro enriquecedor con la comunidad local. Durante la reuni\u00f3n, los ciudadanos expresaron sus necesidades y deseos para el desarrollo de la regi\u00f3n.<\/p>\n\n\n\n<figure class=\"wp-block-embed is-type-video is-provider-youtube wp-block-embed-youtube wp-embed-aspect-16-9 wp-has-aspect-ratio\"><div class=\"wp-block-embed__wrapper\">\n<iframe loading=\"lazy\" title=\"Gobernadora Dilian Francisca Toro visita Andaluc\u00eda y se compromete con proyectos para el municipio.\" width=\"640\" height=\"360\" src=\"https:\/\/www.youtube.com\/embed\/Tc1RB2hGFu0?feature=oembed\" frameborder=\"0\" allow=\"accelerometer; autoplay; clipboard-write; encrypted-media; gyroscope; picture-in-picture; web-share\" referrerpolicy=\"strict-origin-when-cross-origin\" allowfullscreen><\/iframe>\n<\/div><\/figure>\n\n\n\n<p><\/p>\n\n\n\n<p>Entre los temas discutidos destacaron la importancia de mejorar las redes secundarias y terciarias de transporte para facilitar el acceso de los campesinos a los mercados con sus productos agr\u00edcolas. La Gobernadora reiter\u00f3 su compromiso con el programa Valle Agro y anunci\u00f3 iniciativas para apoyar el emprendimiento y la comercializaci\u00f3n directa de los productos, sin intermediarios.<\/p>\n\n\n\n<p>Asimismo, se abordaron proyectos relacionados con el fortalecimiento del sector tur\u00edstico, el emprendimiento para mujeres, j\u00f3venes y personas con discapacidad, as\u00ed como la promoci\u00f3n de actividades culturales, deportivas y recreativas para alejar a la juventud de la violencia.<\/p>\n\n\n\n<figure class=\"wp-block-image size-large\"><img loading=\"lazy\" decoding=\"async\" width=\"1024\" height=\"473\" src=\"https:\/\/cnctulua.tv\/wp-content\/uploads\/2024\/06\/CONVERSA-SAN-PEDRO-1024x473.png\" alt=\"\" class=\"wp-image-20151\" srcset=\"https:\/\/cnctulua.tv\/wp-content\/uploads\/2024\/06\/CONVERSA-SAN-PEDRO-1024x473.png 1024w, https:\/\/cnctulua.tv\/wp-content\/uploads\/2024\/06\/CONVERSA-SAN-PEDRO-300x139.png 300w, https:\/\/cnctulua.tv\/wp-content\/uploads\/2024\/06\/CONVERSA-SAN-PEDRO-768x355.png 768w, https:\/\/cnctulua.tv\/wp-content\/uploads\/2024\/06\/CONVERSA-SAN-PEDRO.png 1255w\" sizes=\"auto, (max-width: 1024px) 100vw, 1024px\" \/><\/figure>\n\n\n\n<p>Por otro lado, la Gobernadora inform\u00f3 sobre la continua operaci\u00f3n para garantizar la seguridad y tranquilidad de los habitantes del departamento, especialmente en \u00e1reas afectadas por enfrentamientos relacionados con grupos delictivos como el clan del Golfo. Se destac\u00f3 la importancia del trabajo conjunto entre las autoridades locales, el Ej\u00e9rcito, la Polic\u00eda y la Fiscal\u00eda para mantener el control territorial y asegurar la protecci\u00f3n de la poblaci\u00f3n.<\/p>\n\n\n\n<p>La comunidad expres\u00f3 su inter\u00e9s en la realizaci\u00f3n del COP 2024, una iniciativa que busca fomentar la cultura y el turismo en la regi\u00f3n, y la Gobernadora se comprometi\u00f3 a evaluar su viabilidad.<\/p>\n\n\n\n<p>La Gobernadora reiter\u00f3 su llamado a la colaboraci\u00f3n nacional para fortalecer las medidas de seguridad, incluyendo el aumento del apoyo en horas de vuelo por parte de la Fuerza A\u00e9rea, pero asegur\u00f3 que se est\u00e1n haciendo todos los esfuerzos posibles para garantizar la seguridad de los ciudadanos.<\/p>\n","protected":false},"excerpt":{"rendered":"<p>En un conversatorio en el municipio de Trujillo, la Gobernadora del Valle del Cauca, Dilian Francisca Toro, sostuvo un encuentro enriquecedor con la comunidad local. Durante la reuni\u00f3n, los ciudadanos expresaron sus necesidades y deseos para el desarrollo de la regi\u00f3n. Entre los temas discutidos destacaron la importancia de mejorar las redes secundarias y terciarias [&hellip;]<\/p>\n","protected":false},"author":3,"featured_media":20152,"comment_status":"open","ping_status":"open","sticky":false,"template":"","format":"video","meta":{"footnotes":""},"categories":[10],"tags":[],"class_list":["post-20150","post","type-post","status-publish","format-video","has-post-thumbnail","hentry","category-cnc-noticias-tulua","post_format-post-format-video"],"_links":{"self":[{"href":"https:\/\/cnctulua.tv\/index.php?rest_route=\/wp\/v2\/posts\/20150","targetHints":{"allow":["GET"]}}],"collection":[{"href":"https:\/\/cnctulua.tv\/index.php?rest_route=\/wp\/v2\/posts"}],"about":[{"href":"https:\/\/cnctulua.tv\/index.php?rest_route=\/wp\/v2\/types\/post"}],"author":[{"embeddable":true,"href":"https:\/\/cnctulua.tv\/index.php?rest_route=\/wp\/v2\/users\/3"}],"replies":[{"embeddable":true,"href":"https:\/\/cnctulua.tv\/index.php?rest_route=%2Fwp%2Fv2%2Fcomments&post=20150"}],"version-history":[{"count":1,"href":"https:\/\/cnctulua.tv\/index.php?rest_route=\/wp\/v2\/posts\/20150\/revisions"}],"predecessor-version":[{"id":20153,"href":"https:\/\/cnctulua.tv\/index.php?rest_route=\/wp\/v2\/posts\/20150\/revisions\/20153"}],"wp:featuredmedia":[{"embeddable":true,"href":"https:\/\/cnctulua.tv\/index.php?rest_route=\/wp\/v2\/media\/20152"}],"wp:attachment":[{"href":"https:\/\/cnctulua.tv\/index.php?rest_route=%2Fwp%2Fv2%2Fmedia&parent=20150"}],"wp:term":[{"taxonomy":"category","embeddable":true,"href":"https:\/\/cnctulua.tv\/index.php?rest_route=%2Fwp%2Fv2%2Fcategories&post=20150"},{"taxonomy":"post_tag","embeddable":true,"href":"https:\/\/cnctulua.tv\/index.php?rest_route=%2Fwp%2Fv2%2Ftags&post=20150"}],"curies":[{"name":"wp","href":"https:\/\/api.w.org\/{rel}","templated":true}]}}