{"id":20210,"date":"2024-06-05T17:53:12","date_gmt":"2024-06-05T17:53:12","guid":{"rendered":"https:\/\/cnctulua.tv\/?p=20210"},"modified":"2024-06-05T17:53:16","modified_gmt":"2024-06-05T17:53:16","slug":"la-plaza-del-mecato-vallecaucano-evento-organizado-por-la-camara-de-comercio-reunio-a-emprendedores-y-resalta-la-riqueza-culinaria-de-la-region","status":"publish","type":"post","link":"https:\/\/cnctulua.tv\/?p=20210","title":{"rendered":"LA PLAZA DEL MECATO VALLECAUCANO: EVENTO ORGANIZADO POR LA C\u00c1MARA DE COMERCIO REUNI\u00d3 A EMPRENDEDORES Y RESALTA LA RIQUEZA CULINARIA DE LA REGI\u00d3N."},"content":{"rendered":"\n<p>El municipio de Tulu\u00e1 fue el escenario de un vibrante evento este fin de semana con la celebraci\u00f3n de la Plaza de Mecato Vallecaucano, una iniciativa que reuni\u00f3 a emprendedores locales y destac\u00f3 la riqueza gastron\u00f3mica y cultural de la regi\u00f3n. Organizado por la C\u00e1mara de Comercio, el evento atrajo a una amplia audiencia \u00e1vida de explorar los sabores tradicionales y apoyar a los talentosos empresarios locales.<\/p>\n\n\n\n<p><\/p>\n\n\n\n<p><\/p>\n\n\n\n<p><\/p>\n\n\n\n<figure class=\"wp-block-embed is-type-video is-provider-youtube wp-block-embed-youtube wp-embed-aspect-16-9 wp-has-aspect-ratio\"><div class=\"wp-block-embed__wrapper\">\n<iframe loading=\"lazy\" title=\"En Tulu\u00e1 la Plaza de Mecato Vallecaucano impuls\u00f3 emprendedores y tradiciones de la regi\u00f3n.\" width=\"640\" height=\"360\" src=\"https:\/\/www.youtube.com\/embed\/jWsb8uHk8Sg?feature=oembed\" frameborder=\"0\" allow=\"accelerometer; autoplay; clipboard-write; encrypted-media; gyroscope; picture-in-picture; web-share\" referrerpolicy=\"strict-origin-when-cross-origin\" allowfullscreen><\/iframe>\n<\/div><\/figure>\n\n\n\n<p>Con la participaci\u00f3n de 28 expositores provenientes del centro del Valle del Cauca y sus alrededores, la Plaza ofreci\u00f3 una variedad de dulces y productos t\u00edpicos que deleitaron los paladares de los asistentes. Desde postres tradicionales hasta innovadoras creaciones culinarias, la diversidad de ofertas en la feria reflejaba la creatividad y el ingenio de los emprendedores locales.<\/p>\n\n\n\n<figure class=\"wp-block-image size-full\"><img loading=\"lazy\" decoding=\"async\" width=\"1131\" height=\"714\" src=\"https:\/\/cnctulua.tv\/wp-content\/uploads\/2024\/06\/camara-de-comercio.png\" alt=\"\" class=\"wp-image-20213\" srcset=\"https:\/\/cnctulua.tv\/wp-content\/uploads\/2024\/06\/camara-de-comercio.png 1131w, https:\/\/cnctulua.tv\/wp-content\/uploads\/2024\/06\/camara-de-comercio-300x189.png 300w, https:\/\/cnctulua.tv\/wp-content\/uploads\/2024\/06\/camara-de-comercio-1024x646.png 1024w, https:\/\/cnctulua.tv\/wp-content\/uploads\/2024\/06\/camara-de-comercio-768x485.png 768w\" sizes=\"auto, (max-width: 1131px) 100vw, 1131px\" \/><\/figure>\n\n\n\n<p>Durante el evento, se logr\u00f3 un incremento significativo en las ventas de los participantes, lo que evidencia el impacto positivo de la Plaza en la econom\u00eda local y en el fortalecimiento del tejido empresarial de Tulu\u00e1. Adem\u00e1s, la Plaza de Mecato Vallecaucano sirvi\u00f3 como plataforma para promover el intercambio cultural y la identidad regional, enriqueciendo la experiencia de todos los presentes.<\/p>\n\n\n\n<p>El Director de Desarrollo Empresarial de la C\u00e1mara de Comercio destac\u00f3 la importancia de eventos como este para impulsar el crecimiento de los emprendedores locales y fomentar el orgullo por las tradiciones de la regi\u00f3n. \u00abLa Plaza fue un \u00e9xito rotundo gracias al compromiso y la dedicaci\u00f3n de todos los involucrados\u00bb, afirm\u00f3.<\/p>\n\n\n\n<p>Con la realizaci\u00f3n de la Feria de Mecato Vallecaucano, Tulu\u00e1 reafirma su posici\u00f3n como un destino gastron\u00f3mico y cultural destacado en la regi\u00f3n. Este evento no solo impuls\u00f3 el desarrollo econ\u00f3mico local, sino que tambi\u00e9n fortaleci\u00f3 los lazos comunitarios y celebr\u00f3 la riqueza de la cultura vallecaucana.<\/p>\n","protected":false},"excerpt":{"rendered":"<p>El municipio de Tulu\u00e1 fue el escenario de un vibrante evento este fin de semana con la celebraci\u00f3n de la Plaza de Mecato Vallecaucano, una iniciativa que reuni\u00f3 a emprendedores locales y destac\u00f3 la riqueza gastron\u00f3mica y cultural de la regi\u00f3n. Organizado por la C\u00e1mara de Comercio, el evento atrajo a una amplia audiencia \u00e1vida [&hellip;]<\/p>\n","protected":false},"author":3,"featured_media":20211,"comment_status":"open","ping_status":"open","sticky":false,"template":"","format":"video","meta":{"footnotes":""},"categories":[10,1],"tags":[],"class_list":["post-20210","post","type-post","status-publish","format-video","has-post-thumbnail","hentry","category-cnc-noticias-tulua","category-uncategorized","post_format-post-format-video"],"_links":{"self":[{"href":"https:\/\/cnctulua.tv\/index.php?rest_route=\/wp\/v2\/posts\/20210","targetHints":{"allow":["GET"]}}],"collection":[{"href":"https:\/\/cnctulua.tv\/index.php?rest_route=\/wp\/v2\/posts"}],"about":[{"href":"https:\/\/cnctulua.tv\/index.php?rest_route=\/wp\/v2\/types\/post"}],"author":[{"embeddable":true,"href":"https:\/\/cnctulua.tv\/index.php?rest_route=\/wp\/v2\/users\/3"}],"replies":[{"embeddable":true,"href":"https:\/\/cnctulua.tv\/index.php?rest_route=%2Fwp%2Fv2%2Fcomments&post=20210"}],"version-history":[{"count":1,"href":"https:\/\/cnctulua.tv\/index.php?rest_route=\/wp\/v2\/posts\/20210\/revisions"}],"predecessor-version":[{"id":20214,"href":"https:\/\/cnctulua.tv\/index.php?rest_route=\/wp\/v2\/posts\/20210\/revisions\/20214"}],"wp:featuredmedia":[{"embeddable":true,"href":"https:\/\/cnctulua.tv\/index.php?rest_route=\/wp\/v2\/media\/20211"}],"wp:attachment":[{"href":"https:\/\/cnctulua.tv\/index.php?rest_route=%2Fwp%2Fv2%2Fmedia&parent=20210"}],"wp:term":[{"taxonomy":"category","embeddable":true,"href":"https:\/\/cnctulua.tv\/index.php?rest_route=%2Fwp%2Fv2%2Fcategories&post=20210"},{"taxonomy":"post_tag","embeddable":true,"href":"https:\/\/cnctulua.tv\/index.php?rest_route=%2Fwp%2Fv2%2Ftags&post=20210"}],"curies":[{"name":"wp","href":"https:\/\/api.w.org\/{rel}","templated":true}]}}