{"id":20225,"date":"2024-06-05T18:17:42","date_gmt":"2024-06-05T18:17:42","guid":{"rendered":"https:\/\/cnctulua.tv\/?p=20225"},"modified":"2024-06-05T18:17:47","modified_gmt":"2024-06-05T18:17:47","slug":"en-bugalagrande-se-realizara-la-macroferia-del-empleo-para-impulsar-la-empleabilidad-regional","status":"publish","type":"post","link":"https:\/\/cnctulua.tv\/?p=20225","title":{"rendered":"EN BUGALAGRANDE SE REALIZAR\u00c1 LA MACROFERIA DEL EMPLEO PARA IMPULSAR LA EMPLEABILIDAD REGIONAL."},"content":{"rendered":"\n<p>En un esfuerzo por promover el empleo y la empleabilidad en la regi\u00f3n, Bugalagrande se prepara para recibir una emocionante Macroferia del Empleo. Organizada por la administraci\u00f3n municipal y en colaboraci\u00f3n con diversas empresas regionales, esta iniciativa busca brindar oportunidades laborales a los residentes del centro norte del Valle.<\/p>\n\n\n\n<p><\/p>\n\n\n\n<figure class=\"wp-block-embed is-type-video is-provider-youtube wp-block-embed-youtube wp-embed-aspect-16-9 wp-has-aspect-ratio\"><div class=\"wp-block-embed__wrapper\">\n<iframe loading=\"lazy\" title=\"Bugalagrande abre sus puertas a la oportunidad en Macroferia Laboral.\" width=\"640\" height=\"360\" src=\"https:\/\/www.youtube.com\/embed\/nvfGiDebMCc?feature=oembed\" frameborder=\"0\" allow=\"accelerometer; autoplay; clipboard-write; encrypted-media; gyroscope; picture-in-picture; web-share\" referrerpolicy=\"strict-origin-when-cross-origin\" allowfullscreen><\/iframe>\n<\/div><\/figure>\n\n\n\n<p>La Macroferia de Empleo se llevar\u00e1 a cabo el pr\u00f3ximo viernes 7 de junio en el Coliseo Daniel Useche, siendo un evento sin precedentes en la historia del municipio. M\u00e1s de 400 vacantes estar\u00e1n disponibles, provenientes de 24 empresas regionales que buscan talento para cubrir una amplia gama de posiciones laborales.<\/p>\n\n\n\n<p>Adem\u00e1s de la oportunidad de conectarse directamente con empleadores y postularse a vacantes, los asistentes tendr\u00e1n acceso a capacitaciones impartidas por expertos en recursos humanos. Estas sesiones incluir\u00e1n consejos sobre c\u00f3mo mejorar el curr\u00edculum, c\u00f3mo destacar en una entrevista laboral y otras habilidades clave para el \u00e9xito en el mundo laboral actual.<\/p>\n\n\n\n<figure class=\"wp-block-image size-large\"><img loading=\"lazy\" decoding=\"async\" width=\"1024\" height=\"659\" src=\"https:\/\/cnctulua.tv\/wp-content\/uploads\/2024\/06\/macro-feria-1-1024x659.png\" alt=\"\" class=\"wp-image-20226\" srcset=\"https:\/\/cnctulua.tv\/wp-content\/uploads\/2024\/06\/macro-feria-1-1024x659.png 1024w, https:\/\/cnctulua.tv\/wp-content\/uploads\/2024\/06\/macro-feria-1-300x193.png 300w, https:\/\/cnctulua.tv\/wp-content\/uploads\/2024\/06\/macro-feria-1-768x494.png 768w, https:\/\/cnctulua.tv\/wp-content\/uploads\/2024\/06\/macro-feria-1.png 1094w\" sizes=\"auto, (max-width: 1024px) 100vw, 1024px\" \/><\/figure>\n\n\n\n<p>Carlos Ernesto Hurtado, representante del apoyo profesional en la Secretar\u00eda de Desarrollo Econ\u00f3mico de Bugalagrande, enfatiza el compromiso del municipio con la empleabilidad. Junto con la Macroferia de Empleo, Bugalagrande est\u00e1 llevando a cabo jornadas de empleabilidad para facilitar la conexi\u00f3n entre empresas y buscadores de empleo, brindando apoyo log\u00edstico y canalizando informaci\u00f3n directa entre ambas partes.<\/p>\n\n\n\n<p>Se invita a todos los residentes del centro norte del Valle a participar activamente en esta gran oportunidad para mejorar su futuro laboral. La Macroferia estar\u00e1 abierta desde las 8:30 a.m. hasta las 2:00 p.m., brindando un amplio espacio de tiempo para explorar las oportunidades disponibles y establecer valiosas conexiones en el mundo laboral.<\/p>\n","protected":false},"excerpt":{"rendered":"<p>En un esfuerzo por promover el empleo y la empleabilidad en la regi\u00f3n, Bugalagrande se prepara para recibir una emocionante Macroferia del Empleo. Organizada por la administraci\u00f3n municipal y en colaboraci\u00f3n con diversas empresas regionales, esta iniciativa busca brindar oportunidades laborales a los residentes del centro norte del Valle. La Macroferia de Empleo se llevar\u00e1 [&hellip;]<\/p>\n","protected":false},"author":3,"featured_media":20227,"comment_status":"open","ping_status":"open","sticky":false,"template":"","format":"video","meta":{"footnotes":""},"categories":[10],"tags":[],"class_list":["post-20225","post","type-post","status-publish","format-video","has-post-thumbnail","hentry","category-cnc-noticias-tulua","post_format-post-format-video"],"_links":{"self":[{"href":"https:\/\/cnctulua.tv\/index.php?rest_route=\/wp\/v2\/posts\/20225","targetHints":{"allow":["GET"]}}],"collection":[{"href":"https:\/\/cnctulua.tv\/index.php?rest_route=\/wp\/v2\/posts"}],"about":[{"href":"https:\/\/cnctulua.tv\/index.php?rest_route=\/wp\/v2\/types\/post"}],"author":[{"embeddable":true,"href":"https:\/\/cnctulua.tv\/index.php?rest_route=\/wp\/v2\/users\/3"}],"replies":[{"embeddable":true,"href":"https:\/\/cnctulua.tv\/index.php?rest_route=%2Fwp%2Fv2%2Fcomments&post=20225"}],"version-history":[{"count":1,"href":"https:\/\/cnctulua.tv\/index.php?rest_route=\/wp\/v2\/posts\/20225\/revisions"}],"predecessor-version":[{"id":20228,"href":"https:\/\/cnctulua.tv\/index.php?rest_route=\/wp\/v2\/posts\/20225\/revisions\/20228"}],"wp:featuredmedia":[{"embeddable":true,"href":"https:\/\/cnctulua.tv\/index.php?rest_route=\/wp\/v2\/media\/20227"}],"wp:attachment":[{"href":"https:\/\/cnctulua.tv\/index.php?rest_route=%2Fwp%2Fv2%2Fmedia&parent=20225"}],"wp:term":[{"taxonomy":"category","embeddable":true,"href":"https:\/\/cnctulua.tv\/index.php?rest_route=%2Fwp%2Fv2%2Fcategories&post=20225"},{"taxonomy":"post_tag","embeddable":true,"href":"https:\/\/cnctulua.tv\/index.php?rest_route=%2Fwp%2Fv2%2Ftags&post=20225"}],"curies":[{"name":"wp","href":"https:\/\/api.w.org\/{rel}","templated":true}]}}