{"id":20234,"date":"2024-06-05T18:49:53","date_gmt":"2024-06-05T18:49:53","guid":{"rendered":"https:\/\/cnctulua.tv\/?p=20234"},"modified":"2024-06-05T18:49:57","modified_gmt":"2024-06-05T18:49:57","slug":"mas-de-400-oportunidades-laborales-esperan-en-bugalagrande-una-macroferia-de-empleo-sin-precedentes","status":"publish","type":"post","link":"https:\/\/cnctulua.tv\/?p=20234","title":{"rendered":"M\u00c1S DE 400 OPORTUNIDADES LABORALES ESPERAN EN BUGALAGRANDE: UNA MACROFERIA DE EMPLEO SIN PRECEDENTES."},"content":{"rendered":"\n<p>El pr\u00f3ximo 7 de junio, el Coliseo Daniel Useche de Bugalagrande se convertir\u00e1 en el epicentro de una jornada trascendental para aquellos en b\u00fasqueda de nuevas oportunidades laborales. Con la participaci\u00f3n de 24 empresas y m\u00e1s de 400 vacantes disponibles, la macro feria promete ser un punto de encuentro clave entre empleadores y potenciales empleados.<\/p>\n\n\n\n<p><\/p>\n\n\n\n<figure class=\"wp-block-embed is-type-video is-provider-youtube wp-block-embed-youtube wp-embed-aspect-16-9 wp-has-aspect-ratio\"><div class=\"wp-block-embed__wrapper\">\n<iframe loading=\"lazy\" title=\"Este viernes la Macroferia del Empleo en Bugalagrande: oportunidades laborales y capacitaci\u00f3n.\" width=\"640\" height=\"360\" src=\"https:\/\/www.youtube.com\/embed\/ZpC235qboyc?feature=oembed\" frameborder=\"0\" allow=\"accelerometer; autoplay; clipboard-write; encrypted-media; gyroscope; picture-in-picture; web-share\" referrerpolicy=\"strict-origin-when-cross-origin\" allowfullscreen><\/iframe>\n<\/div><\/figure>\n\n\n\n<p>El objetivo principal de este evento es impulsar la participaci\u00f3n de los residentes de Bugalagrande y del centro del Valle del Cauca, brind\u00e1ndoles la oportunidad de explorar diversas opciones de empleo y establecer conexiones directas con las empresas participantes.<\/p>\n\n\n\n<p>Pero esta feria va m\u00e1s all\u00e1 de la simple b\u00fasqueda de trabajo. Morales, uno de los organizadores, destaca el valor agregado que ofrece el evento: \u00abLas personas podr\u00e1n recibir capacitaciones sobre c\u00f3mo elaborar una hoja de vida, c\u00f3mo presentarse y c\u00f3mo comportarse durante una entrevista\u00bb. Esta iniciativa busca no solo conectar a empleadores con empleados, sino tambi\u00e9n empoderar a los participantes con las herramientas necesarias para destacarse en el mercado laboral.<\/p>\n\n\n\n<p>Adem\u00e1s de las oportunidades de empleo, los asistentes tendr\u00e1n la oportunidad de disfrutar de la rica cultura gastron\u00f3mica de la regi\u00f3n. La feria contar\u00e1 con siete programas gastron\u00f3micos locales que ofrecer\u00e1n una variedad de platillos tradicionales t\u00edpicas de la regi\u00f3n.<\/p>\n\n\n\n<p>Se invita a todos los interesados a aprovechar esta oportunidad sin igual. La Macro Feria del Empleo estar\u00e1 abierta desde las 8:30 de la ma\u00f1ana hasta las 14:00 de la tarde, ofreciendo un amplio espacio de tiempo para explorar las oportunidades laborales disponibles y establecer conexiones valiosas en el mundo laboral.<\/p>\n","protected":false},"excerpt":{"rendered":"<p>El pr\u00f3ximo 7 de junio, el Coliseo Daniel Useche de Bugalagrande se convertir\u00e1 en el epicentro de una jornada trascendental para aquellos en b\u00fasqueda de nuevas oportunidades laborales. Con la participaci\u00f3n de 24 empresas y m\u00e1s de 400 vacantes disponibles, la macro feria promete ser un punto de encuentro clave entre empleadores y potenciales empleados. [&hellip;]<\/p>\n","protected":false},"author":3,"featured_media":20235,"comment_status":"open","ping_status":"open","sticky":false,"template":"","format":"video","meta":{"footnotes":""},"categories":[10],"tags":[],"class_list":["post-20234","post","type-post","status-publish","format-video","has-post-thumbnail","hentry","category-cnc-noticias-tulua","post_format-post-format-video"],"_links":{"self":[{"href":"https:\/\/cnctulua.tv\/index.php?rest_route=\/wp\/v2\/posts\/20234","targetHints":{"allow":["GET"]}}],"collection":[{"href":"https:\/\/cnctulua.tv\/index.php?rest_route=\/wp\/v2\/posts"}],"about":[{"href":"https:\/\/cnctulua.tv\/index.php?rest_route=\/wp\/v2\/types\/post"}],"author":[{"embeddable":true,"href":"https:\/\/cnctulua.tv\/index.php?rest_route=\/wp\/v2\/users\/3"}],"replies":[{"embeddable":true,"href":"https:\/\/cnctulua.tv\/index.php?rest_route=%2Fwp%2Fv2%2Fcomments&post=20234"}],"version-history":[{"count":1,"href":"https:\/\/cnctulua.tv\/index.php?rest_route=\/wp\/v2\/posts\/20234\/revisions"}],"predecessor-version":[{"id":20236,"href":"https:\/\/cnctulua.tv\/index.php?rest_route=\/wp\/v2\/posts\/20234\/revisions\/20236"}],"wp:featuredmedia":[{"embeddable":true,"href":"https:\/\/cnctulua.tv\/index.php?rest_route=\/wp\/v2\/media\/20235"}],"wp:attachment":[{"href":"https:\/\/cnctulua.tv\/index.php?rest_route=%2Fwp%2Fv2%2Fmedia&parent=20234"}],"wp:term":[{"taxonomy":"category","embeddable":true,"href":"https:\/\/cnctulua.tv\/index.php?rest_route=%2Fwp%2Fv2%2Fcategories&post=20234"},{"taxonomy":"post_tag","embeddable":true,"href":"https:\/\/cnctulua.tv\/index.php?rest_route=%2Fwp%2Fv2%2Ftags&post=20234"}],"curies":[{"name":"wp","href":"https:\/\/api.w.org\/{rel}","templated":true}]}}