{"id":20242,"date":"2024-06-05T19:46:13","date_gmt":"2024-06-05T19:46:13","guid":{"rendered":"https:\/\/cnctulua.tv\/?p=20242"},"modified":"2024-06-05T21:25:25","modified_gmt":"2024-06-05T21:25:25","slug":"inauguracion-del-oratorio-la-senda-sagrada-en-el-hospital-departamental-tomas-uribe-uribe","status":"publish","type":"post","link":"https:\/\/cnctulua.tv\/?p=20242","title":{"rendered":"INAUGURACI\u00d3N DEL ORATORIO \u00abLA SENDA SAGRADA\u00bb EN EL HOSPITAL DEPARTAMENTAL TOM\u00c1S URIBE URIBE."},"content":{"rendered":"\n<p>En un emotivo acto que congreg\u00f3 a autoridades locales, l\u00edderes religiosos y miembros de la comunidad hospitalaria, el Hospital Departamental Tom\u00e1s Uribe Uribe dio un paso significativo hacia el bienestar integral de sus usuarios con la inauguraci\u00f3n del Oratorio \u00abLa Senda Sagrada\u00bb.<\/p>\n\n\n\n<figure class=\"wp-block-embed is-type-video is-provider-youtube wp-block-embed-youtube wp-embed-aspect-16-9 wp-has-aspect-ratio\"><div class=\"wp-block-embed__wrapper\">\n<iframe loading=\"lazy\" title=\"Inauguraci\u00f3n del Oratorio &quot;La Senda Sagrada\u201d: Nuevo espacio de reflexi\u00f3n y oraci\u00f3n en el H.D.T.U.U.\" width=\"640\" height=\"360\" src=\"https:\/\/www.youtube.com\/embed\/hpwQvsfAjmM?feature=oembed\" frameborder=\"0\" allow=\"accelerometer; autoplay; clipboard-write; encrypted-media; gyroscope; picture-in-picture; web-share\" referrerpolicy=\"strict-origin-when-cross-origin\" allowfullscreen><\/iframe>\n<\/div><\/figure>\n\n\n\n<p>Este nuevo espacio, destinado a la oraci\u00f3n, reflexi\u00f3n y meditaci\u00f3n, busca ofrecer un respiro de serenidad en medio del ajetreo hospitalario. Con un dise\u00f1o sobrio y acogedor, el oratorio invita a pacientes, familiares y colaboradores a encontrar un momento de introspecci\u00f3n y conexi\u00f3n espiritual, respetando las diversas creencias y religiones de quienes lo visiten.<\/p>\n\n\n\n<figure class=\"wp-block-image size-large is-resized\"><img loading=\"lazy\" decoding=\"async\" width=\"1024\" height=\"594\" src=\"https:\/\/cnctulua.tv\/wp-content\/uploads\/2024\/06\/ORATO-1024x594.png\" alt=\"\" class=\"wp-image-20243\" style=\"width:884px;height:auto\" srcset=\"https:\/\/cnctulua.tv\/wp-content\/uploads\/2024\/06\/ORATO-1024x594.png 1024w, https:\/\/cnctulua.tv\/wp-content\/uploads\/2024\/06\/ORATO-300x174.png 300w, https:\/\/cnctulua.tv\/wp-content\/uploads\/2024\/06\/ORATO-768x446.png 768w, https:\/\/cnctulua.tv\/wp-content\/uploads\/2024\/06\/ORATO.png 1113w\" sizes=\"auto, (max-width: 1024px) 100vw, 1024px\" \/><\/figure>\n\n\n\n<p>Los asistentes a la inauguraci\u00f3n expresaron su gratitud hacia todos los involucrados en la materializaci\u00f3n de este proyecto, destacando su importancia para el bienestar emocional y espiritual de la comunidad hospitalaria.<\/p>\n\n\n\n<p>\u00abLa Senda Sagrada\u00bb se suma a las iniciativas del Hospital Tom\u00e1s Uribe Uribe para promover el cuidado integral de la persona, en l\u00ednea con los m\u00e1s altos est\u00e1ndares de calidad y humanizaci\u00f3n en la atenci\u00f3n m\u00e9dica.<\/p>\n\n\n\n<p>Con esta apertura, el hospital no solo busca atender las necesidades f\u00edsicas de sus usuarios, sino tambi\u00e9n ofrecer un espacio de consuelo y esperanza en momentos de adversidad, recordando que la salud va m\u00e1s all\u00e1 del cuerpo f\u00edsico y abarca tambi\u00e9n el bienestar emocional y espiritual.<\/p>\n","protected":false},"excerpt":{"rendered":"<p>En un emotivo acto que congreg\u00f3 a autoridades locales, l\u00edderes religiosos y miembros de la comunidad hospitalaria, el Hospital Departamental Tom\u00e1s Uribe Uribe dio un paso significativo hacia el bienestar integral de sus usuarios con la inauguraci\u00f3n del Oratorio \u00abLa Senda Sagrada\u00bb. Este nuevo espacio, destinado a la oraci\u00f3n, reflexi\u00f3n y meditaci\u00f3n, busca ofrecer un [&hellip;]<\/p>\n","protected":false},"author":3,"featured_media":20244,"comment_status":"open","ping_status":"open","sticky":false,"template":"","format":"video","meta":{"footnotes":""},"categories":[10],"tags":[],"class_list":["post-20242","post","type-post","status-publish","format-video","has-post-thumbnail","hentry","category-cnc-noticias-tulua","post_format-post-format-video"],"_links":{"self":[{"href":"https:\/\/cnctulua.tv\/index.php?rest_route=\/wp\/v2\/posts\/20242","targetHints":{"allow":["GET"]}}],"collection":[{"href":"https:\/\/cnctulua.tv\/index.php?rest_route=\/wp\/v2\/posts"}],"about":[{"href":"https:\/\/cnctulua.tv\/index.php?rest_route=\/wp\/v2\/types\/post"}],"author":[{"embeddable":true,"href":"https:\/\/cnctulua.tv\/index.php?rest_route=\/wp\/v2\/users\/3"}],"replies":[{"embeddable":true,"href":"https:\/\/cnctulua.tv\/index.php?rest_route=%2Fwp%2Fv2%2Fcomments&post=20242"}],"version-history":[{"count":2,"href":"https:\/\/cnctulua.tv\/index.php?rest_route=\/wp\/v2\/posts\/20242\/revisions"}],"predecessor-version":[{"id":20268,"href":"https:\/\/cnctulua.tv\/index.php?rest_route=\/wp\/v2\/posts\/20242\/revisions\/20268"}],"wp:featuredmedia":[{"embeddable":true,"href":"https:\/\/cnctulua.tv\/index.php?rest_route=\/wp\/v2\/media\/20244"}],"wp:attachment":[{"href":"https:\/\/cnctulua.tv\/index.php?rest_route=%2Fwp%2Fv2%2Fmedia&parent=20242"}],"wp:term":[{"taxonomy":"category","embeddable":true,"href":"https:\/\/cnctulua.tv\/index.php?rest_route=%2Fwp%2Fv2%2Fcategories&post=20242"},{"taxonomy":"post_tag","embeddable":true,"href":"https:\/\/cnctulua.tv\/index.php?rest_route=%2Fwp%2Fv2%2Ftags&post=20242"}],"curies":[{"name":"wp","href":"https:\/\/api.w.org\/{rel}","templated":true}]}}