{"id":20246,"date":"2024-06-05T19:54:08","date_gmt":"2024-06-05T19:54:08","guid":{"rendered":"https:\/\/cnctulua.tv\/?p=20246"},"modified":"2024-06-05T20:05:35","modified_gmt":"2024-06-05T20:05:35","slug":"gobernadora-dilian-francisca-toro-torres-sanciona-plan-de-desarrollo-territorial-liderazgo-que-transforma-para-el-valle-del-cauca","status":"publish","type":"post","link":"https:\/\/cnctulua.tv\/?p=20246","title":{"rendered":"GOBERNADORA DILIAN FRANCISCA TORO TORRES SANCIONA PLAN DE DESARROLLO TERRITORIAL \u2018LIDERAZGO QUE TRANSFORMA\u2019 PARA EL VALLE DEL CAUCA."},"content":{"rendered":"\n<p>En un hito significativo para el Valle del Cauca, la gobernadora Dilian Francisca Toro Torres sancion\u00f3 oficialmente el Plan de Desarrollo Territorial &#8216;Liderazgo que Transforma&#8217; en la clausura de las sesiones extraordinarias de la Asamblea Departamental. Este plan, concebido con la colaboraci\u00f3n de m\u00e1s de 60 mil vallecaucanos, traza una ambiciosa hoja de ruta para los pr\u00f3ximos cuatro a\u00f1os de gobierno en la regi\u00f3n.<\/p>\n\n\n\n<figure class=\"wp-block-embed is-type-video is-provider-youtube wp-block-embed-youtube wp-embed-aspect-16-9 wp-has-aspect-ratio\"><div class=\"wp-block-embed__wrapper\">\n<iframe loading=\"lazy\" title=\"El Valle del Cauca da un paso adelante con el Plan de Desarrollo &#039;Liderazgo que Transforma&#039;.\" width=\"640\" height=\"360\" src=\"https:\/\/www.youtube.com\/embed\/skglA_kN9qw?feature=oembed\" frameborder=\"0\" allow=\"accelerometer; autoplay; clipboard-write; encrypted-media; gyroscope; picture-in-picture; web-share\" referrerpolicy=\"strict-origin-when-cross-origin\" allowfullscreen><\/iframe>\n<\/div><\/figure>\n\n\n\n<p>El acto de sanci\u00f3n, celebrado en un ambiente de optimismo y compromiso, destac\u00f3 el arduo trabajo realizado por los diputados en el proceso de discusi\u00f3n y ajustes que culminaron en la versi\u00f3n final del plan. La gobernadora expres\u00f3 su agradecimiento hacia todos los involucrados y comparti\u00f3 su visi\u00f3n de un Valle del Cauca competitivo, innovador y equitativo, comprometido con la generaci\u00f3n de empleo y la disminuci\u00f3n de las brechas sociales.<\/p>\n\n\n\n<figure class=\"wp-block-image size-large\"><img loading=\"lazy\" decoding=\"async\" width=\"1024\" height=\"734\" src=\"https:\/\/cnctulua.tv\/wp-content\/uploads\/2024\/06\/WhatsApp-Image-2024-05-31-at-8.28.18-PM-1-1024x734.jpeg\" alt=\"\" class=\"wp-image-20247\" srcset=\"https:\/\/cnctulua.tv\/wp-content\/uploads\/2024\/06\/WhatsApp-Image-2024-05-31-at-8.28.18-PM-1-1024x734.jpeg 1024w, https:\/\/cnctulua.tv\/wp-content\/uploads\/2024\/06\/WhatsApp-Image-2024-05-31-at-8.28.18-PM-1-300x215.jpeg 300w, https:\/\/cnctulua.tv\/wp-content\/uploads\/2024\/06\/WhatsApp-Image-2024-05-31-at-8.28.18-PM-1-768x550.jpeg 768w, https:\/\/cnctulua.tv\/wp-content\/uploads\/2024\/06\/WhatsApp-Image-2024-05-31-at-8.28.18-PM-1-1536x1101.jpeg 1536w, https:\/\/cnctulua.tv\/wp-content\/uploads\/2024\/06\/WhatsApp-Image-2024-05-31-at-8.28.18-PM-1-2048x1468.jpeg 2048w, https:\/\/cnctulua.tv\/wp-content\/uploads\/2024\/06\/WhatsApp-Image-2024-05-31-at-8.28.18-PM-1-scaled.jpeg 1507w\" sizes=\"auto, (max-width: 1024px) 100vw, 1024px\" \/><\/figure>\n\n\n\n<p>El presidente de la Asamblea, Carlos Felipe L\u00f3pez, elogi\u00f3 el alto nivel de participaci\u00f3n ciudadana en la elaboraci\u00f3n del plan, subrayando la aprobaci\u00f3n de una inversi\u00f3n significativa que abarca diversos sectores clave como el campo, el deporte, la cultura, la educaci\u00f3n y la salud.<\/p>\n\n\n\n<p>Por su parte, el diputado ponente del proyecto de ordenanza, Juan Carlos Rengifo, enfatiz\u00f3 la importancia del Plan de Desarrollo como una herramienta fundamental para el progreso y el bienestar del Valle del Cauca, instando al Gobierno nacional a apoyar su implementaci\u00f3n con recursos adecuados.<\/p>\n\n\n\n<figure class=\"wp-block-image size-large\"><img loading=\"lazy\" decoding=\"async\" width=\"1024\" height=\"653\" src=\"https:\/\/cnctulua.tv\/wp-content\/uploads\/2024\/06\/WhatsApp-Image-2024-05-31-at-8.28.17-PM-1024x653.jpeg\" alt=\"\" class=\"wp-image-20249\" srcset=\"https:\/\/cnctulua.tv\/wp-content\/uploads\/2024\/06\/WhatsApp-Image-2024-05-31-at-8.28.17-PM-1024x653.jpeg 1024w, https:\/\/cnctulua.tv\/wp-content\/uploads\/2024\/06\/WhatsApp-Image-2024-05-31-at-8.28.17-PM-300x191.jpeg 300w, https:\/\/cnctulua.tv\/wp-content\/uploads\/2024\/06\/WhatsApp-Image-2024-05-31-at-8.28.17-PM-768x490.jpeg 768w, https:\/\/cnctulua.tv\/wp-content\/uploads\/2024\/06\/WhatsApp-Image-2024-05-31-at-8.28.17-PM-1536x980.jpeg 1536w, https:\/\/cnctulua.tv\/wp-content\/uploads\/2024\/06\/WhatsApp-Image-2024-05-31-at-8.28.17-PM-2048x1306.jpeg 2048w, https:\/\/cnctulua.tv\/wp-content\/uploads\/2024\/06\/WhatsApp-Image-2024-05-31-at-8.28.17-PM-scaled.jpeg 1694w\" sizes=\"auto, (max-width: 1024px) 100vw, 1024px\" \/><\/figure>\n\n\n\n<p>&#8216;Liderazgo que Transforma&#8217;, como se ha denominado este Plan de Desarrollo 2024-2027, se estructura en torno a cuatro l\u00edneas estrat\u00e9gicas destinadas a promover una gesti\u00f3n gubernamental colaborativa y eficaz, en l\u00ednea con las necesidades y aspiraciones de los habitantes del departamento. Con este paso adelante, el Valle del Cauca se encamina hacia un futuro de prosperidad y equidad para todos sus ciudadanos.<\/p>\n","protected":false},"excerpt":{"rendered":"<p>En un hito significativo para el Valle del Cauca, la gobernadora Dilian Francisca Toro Torres sancion\u00f3 oficialmente el Plan de Desarrollo Territorial &#8216;Liderazgo que Transforma&#8217; en la clausura de las sesiones extraordinarias de la Asamblea Departamental. Este plan, concebido con la colaboraci\u00f3n de m\u00e1s de 60 mil vallecaucanos, traza una ambiciosa hoja de ruta para [&hellip;]<\/p>\n","protected":false},"author":3,"featured_media":20248,"comment_status":"open","ping_status":"open","sticky":false,"template":"","format":"video","meta":{"footnotes":""},"categories":[10],"tags":[],"class_list":["post-20246","post","type-post","status-publish","format-video","has-post-thumbnail","hentry","category-cnc-noticias-tulua","post_format-post-format-video"],"_links":{"self":[{"href":"https:\/\/cnctulua.tv\/index.php?rest_route=\/wp\/v2\/posts\/20246","targetHints":{"allow":["GET"]}}],"collection":[{"href":"https:\/\/cnctulua.tv\/index.php?rest_route=\/wp\/v2\/posts"}],"about":[{"href":"https:\/\/cnctulua.tv\/index.php?rest_route=\/wp\/v2\/types\/post"}],"author":[{"embeddable":true,"href":"https:\/\/cnctulua.tv\/index.php?rest_route=\/wp\/v2\/users\/3"}],"replies":[{"embeddable":true,"href":"https:\/\/cnctulua.tv\/index.php?rest_route=%2Fwp%2Fv2%2Fcomments&post=20246"}],"version-history":[{"count":3,"href":"https:\/\/cnctulua.tv\/index.php?rest_route=\/wp\/v2\/posts\/20246\/revisions"}],"predecessor-version":[{"id":20253,"href":"https:\/\/cnctulua.tv\/index.php?rest_route=\/wp\/v2\/posts\/20246\/revisions\/20253"}],"wp:featuredmedia":[{"embeddable":true,"href":"https:\/\/cnctulua.tv\/index.php?rest_route=\/wp\/v2\/media\/20248"}],"wp:attachment":[{"href":"https:\/\/cnctulua.tv\/index.php?rest_route=%2Fwp%2Fv2%2Fmedia&parent=20246"}],"wp:term":[{"taxonomy":"category","embeddable":true,"href":"https:\/\/cnctulua.tv\/index.php?rest_route=%2Fwp%2Fv2%2Fcategories&post=20246"},{"taxonomy":"post_tag","embeddable":true,"href":"https:\/\/cnctulua.tv\/index.php?rest_route=%2Fwp%2Fv2%2Ftags&post=20246"}],"curies":[{"name":"wp","href":"https:\/\/api.w.org\/{rel}","templated":true}]}}