{"id":20313,"date":"2024-06-07T18:11:56","date_gmt":"2024-06-07T18:11:56","guid":{"rendered":"https:\/\/cnctulua.tv\/?p=20313"},"modified":"2024-06-07T20:53:45","modified_gmt":"2024-06-07T20:53:45","slug":"inauguracion-de-la-primera-cancha-milo-en-bugalagrande-innovacion-y-compromiso-ambiental-por-parte-de-nestle","status":"publish","type":"post","link":"https:\/\/cnctulua.tv\/?p=20313","title":{"rendered":"NESTL\u00c9 inaugura primera cancha de f\u00fatbol hecha con materiales reciclados en Bugalagrande"},"content":{"rendered":"\n<p><\/p>\n\n\n\n<p>En un evento cargado de significado para la comunidad del centro del departamento del Valle del Cauca, se llev\u00f3 a cabo la inauguraci\u00f3n de una innovadora cancha deportiva. Esta instalaci\u00f3n, destinada para voleibol y microf\u00fatbol, se distingue por ser construida \u00edntegramente con materiales reciclados, en colaboraci\u00f3n con la empresa Nestl\u00e9 en conmemoraci\u00f3n de sus 80 a\u00f1os de presencia en la regi\u00f3n.<\/p>\n\n\n\n<p><\/p>\n\n\n\n<figure class=\"wp-block-embed is-type-video is-provider-youtube wp-block-embed-youtube wp-embed-aspect-16-9 wp-has-aspect-ratio\"><div class=\"wp-block-embed__wrapper\">\n<iframe loading=\"lazy\" title=\"En Valle del Cauca: inauguraci\u00f3n de cancha deportiva sostenible impulsa educaci\u00f3n ambiental.\" width=\"640\" height=\"360\" src=\"https:\/\/www.youtube.com\/embed\/HGAVfwPQCh8?feature=oembed\" frameborder=\"0\" allow=\"accelerometer; autoplay; clipboard-write; encrypted-media; gyroscope; picture-in-picture; web-share\" referrerpolicy=\"strict-origin-when-cross-origin\" allowfullscreen><\/iframe>\n<\/div><\/figure>\n\n\n\n<p>La Gestora Social del Valle del Cauca, Jimena Toro, destac\u00f3 la importancia de este proyecto no solo como un avance en infraestructura deportiva, sino como una iniciativa educativa en sostenibilidad ambiental. \u00abEstamos felices de poder ofrecer a nuestra comunidad esta cancha que no solo fomenta el deporte, sino que tambi\u00e9n promueve valores como el reciclaje y el cuidado del medio ambiente\u00bb, expres\u00f3 Toro durante la ceremonia.<\/p>\n\n\n\n<p>La cancha, construida con el equivalente a un mill\u00f3n de envases reciclados de productos Nestl\u00e9, representa un esfuerzo conjunto entre el sector privado y las autoridades locales. El alcalde Jorge Rojas, presente en el evento, subray\u00f3 la importancia de esta colaboraci\u00f3n para el desarrollo comunitario y la educaci\u00f3n ambiental.<\/p>\n\n\n\n<figure class=\"wp-block-image size-full is-resized\"><img loading=\"lazy\" decoding=\"async\" width=\"948\" height=\"630\" src=\"https:\/\/cnctulua.tv\/wp-content\/uploads\/2024\/06\/COMUNIDAD-ANTE-ENTRE.png\" alt=\"\" class=\"wp-image-20314\" style=\"width:899px;height:auto\" srcset=\"https:\/\/cnctulua.tv\/wp-content\/uploads\/2024\/06\/COMUNIDAD-ANTE-ENTRE.png 948w, https:\/\/cnctulua.tv\/wp-content\/uploads\/2024\/06\/COMUNIDAD-ANTE-ENTRE-300x199.png 300w, https:\/\/cnctulua.tv\/wp-content\/uploads\/2024\/06\/COMUNIDAD-ANTE-ENTRE-768x510.png 768w\" sizes=\"auto, (max-width: 948px) 100vw, 948px\" \/><\/figure>\n\n\n\n<p>Aunque la gobernadora del Valle del Cauca no pudo asistir personalmente, manifest\u00f3 su apoyo y compromiso con futuros proyectos que promuevan el bienestar y el desarrollo sostenible en la regi\u00f3n. \u00abEsperamos que esta iniciativa inspire a m\u00e1s empresas y comunidades a trabajar juntas por un futuro m\u00e1s verde y pr\u00f3spero para todos\u00bb, concluy\u00f3 Toro.<\/p>\n\n\n\n<p>Este evento no solo marca un hito en la infraestructura deportiva local, sino que tambi\u00e9n resalta el compromiso del Valle del Cauca con la educaci\u00f3n ambiental y el progreso comunitario a trav\u00e9s de la colaboraci\u00f3n p\u00fablico-privada.<\/p>\n","protected":false},"excerpt":{"rendered":"<p>En un evento cargado de significado para la comunidad del centro del departamento del Valle del Cauca, se llev\u00f3 a cabo la inauguraci\u00f3n de una innovadora cancha deportiva. Esta instalaci\u00f3n, destinada para voleibol y microf\u00fatbol, se distingue por ser construida \u00edntegramente con materiales reciclados, en colaboraci\u00f3n con la empresa Nestl\u00e9 en conmemoraci\u00f3n de sus 80 [&hellip;]<\/p>\n","protected":false},"author":3,"featured_media":20315,"comment_status":"open","ping_status":"open","sticky":false,"template":"","format":"video","meta":{"footnotes":""},"categories":[10],"tags":[],"class_list":["post-20313","post","type-post","status-publish","format-video","has-post-thumbnail","hentry","category-cnc-noticias-tulua","post_format-post-format-video"],"_links":{"self":[{"href":"https:\/\/cnctulua.tv\/index.php?rest_route=\/wp\/v2\/posts\/20313","targetHints":{"allow":["GET"]}}],"collection":[{"href":"https:\/\/cnctulua.tv\/index.php?rest_route=\/wp\/v2\/posts"}],"about":[{"href":"https:\/\/cnctulua.tv\/index.php?rest_route=\/wp\/v2\/types\/post"}],"author":[{"embeddable":true,"href":"https:\/\/cnctulua.tv\/index.php?rest_route=\/wp\/v2\/users\/3"}],"replies":[{"embeddable":true,"href":"https:\/\/cnctulua.tv\/index.php?rest_route=%2Fwp%2Fv2%2Fcomments&post=20313"}],"version-history":[{"count":3,"href":"https:\/\/cnctulua.tv\/index.php?rest_route=\/wp\/v2\/posts\/20313\/revisions"}],"predecessor-version":[{"id":20343,"href":"https:\/\/cnctulua.tv\/index.php?rest_route=\/wp\/v2\/posts\/20313\/revisions\/20343"}],"wp:featuredmedia":[{"embeddable":true,"href":"https:\/\/cnctulua.tv\/index.php?rest_route=\/wp\/v2\/media\/20315"}],"wp:attachment":[{"href":"https:\/\/cnctulua.tv\/index.php?rest_route=%2Fwp%2Fv2%2Fmedia&parent=20313"}],"wp:term":[{"taxonomy":"category","embeddable":true,"href":"https:\/\/cnctulua.tv\/index.php?rest_route=%2Fwp%2Fv2%2Fcategories&post=20313"},{"taxonomy":"post_tag","embeddable":true,"href":"https:\/\/cnctulua.tv\/index.php?rest_route=%2Fwp%2Fv2%2Ftags&post=20313"}],"curies":[{"name":"wp","href":"https:\/\/api.w.org\/{rel}","templated":true}]}}