{"id":20322,"date":"2024-06-07T18:47:10","date_gmt":"2024-06-07T18:47:10","guid":{"rendered":"https:\/\/cnctulua.tv\/?p=20322"},"modified":"2024-06-07T20:43:24","modified_gmt":"2024-06-07T20:43:24","slug":"inauguracion-de-cancha-milo-por-nestle-fortalece-vinculos-en-bugalagrande","status":"publish","type":"post","link":"https:\/\/cnctulua.tv\/?p=20322","title":{"rendered":"INAUGURADA LA PRIMERA CANCHA MILO EN BUGALAGRANDE: Innovaci\u00f3n y compromiso ambiental por parte de Nestl\u00e9."},"content":{"rendered":"\n<p><\/p>\n\n\n\n<p>En un evento emblem\u00e1tico para la comunidad Bugalagrande\u00f1a, Nestl\u00e9 reafirm\u00f3 su compromiso con el medio ambiente y la econom\u00eda circular con la inauguraci\u00f3n de \u00abLa Cancha Milo\u00bb, la tercera en el pa\u00eds y la primera en el Valle del Cauca. Este esfuerzo se alinea con los valores de Nestl\u00e9, que celebra m\u00e1s de un siglo de presencia en el pa\u00eds y los 80 a\u00f1os de la emblem\u00e1tica marca Milo.<\/p>\n\n\n\n<figure class=\"wp-block-embed is-type-video is-provider-youtube wp-block-embed-youtube wp-embed-aspect-16-9 wp-has-aspect-ratio\"><div class=\"wp-block-embed__wrapper\">\n<iframe loading=\"lazy\" title=\"Nestl\u00e9 inaugura en Bugalagrande primera Cancha Milo de Colombia construida con material reciclable.\" width=\"640\" height=\"360\" src=\"https:\/\/www.youtube.com\/embed\/ZAti4LapQm4?feature=oembed\" frameborder=\"0\" allow=\"accelerometer; autoplay; clipboard-write; encrypted-media; gyroscope; picture-in-picture; web-share\" referrerpolicy=\"strict-origin-when-cross-origin\" allowfullscreen><\/iframe>\n<\/div><\/figure>\n\n\n\n<p>Carlos Barrag\u00e1n, Vicepresidente de Asuntos Corporativos de Nestl\u00e9 para Latinoam\u00e9rica, destac\u00f3 que: \u00abEste evento es una muestra del compromiso de nuestra compa\u00f1\u00eda con la comunidad y el medio ambiente. Hoy, el Valle del Cauca se prepara para recibir la COP 16, el evento m\u00e1s importante en biodiversidad, y esta cancha es una prueba de ello\u00bb.<\/p>\n\n\n\n<p>La construcci\u00f3n de la cancha, elaborada a partir de m\u00e1s de un mill\u00f3n de cajas Tetrapak recicladas de Milo, fue posible gracias a una alianza estrat\u00e9gica con Tetra Pak y un grupo de recicladores locales. Barrag\u00e1n explic\u00f3: \u00abEste material lo hacemos con una alianza estrat\u00e9gica con Tetra Pak. Los equipos estuvieron pensando desde hace mucho tiempo c\u00f3mo darle una segunda vida a este material, y qu\u00e9 mejor manera que impulsando el deporte y los buenos h\u00e1bitos\u00bb.<\/p>\n\n\n\n<figure class=\"wp-block-image size-large\"><img loading=\"lazy\" decoding=\"async\" width=\"1024\" height=\"587\" src=\"https:\/\/cnctulua.tv\/wp-content\/uploads\/2024\/06\/comuni-y-alca-1024x587.png\" alt=\"\" class=\"wp-image-20323\" srcset=\"https:\/\/cnctulua.tv\/wp-content\/uploads\/2024\/06\/comuni-y-alca-1024x587.png 1024w, https:\/\/cnctulua.tv\/wp-content\/uploads\/2024\/06\/comuni-y-alca-300x172.png 300w, https:\/\/cnctulua.tv\/wp-content\/uploads\/2024\/06\/comuni-y-alca-768x440.png 768w, https:\/\/cnctulua.tv\/wp-content\/uploads\/2024\/06\/comuni-y-alca.png 1040w\" sizes=\"auto, (max-width: 1024px) 100vw, 1024px\" \/><\/figure>\n\n\n\n<p>Adem\u00e1s de ser un espacio para la pr\u00e1ctica deportiva, la Cancha Milo en Bugalagrande tambi\u00e9n albergar\u00e1 una escuela de reciclaje, donde se educar\u00e1 a ni\u00f1os y ni\u00f1as sobre la importancia de la econom\u00eda circular y el reciclaje responsable. Seg\u00fan Barrag\u00e1n, esta iniciativa busca no solo fomentar el deporte y los buenos h\u00e1bitos alimenticios, sino tambi\u00e9n \u00abpromover el reciclaje y la reutilizaci\u00f3n de materiales como parte fundamental de nuestra estrategia de responsabilidad social\u00bb.<\/p>\n\n\n\n<p>Nestl\u00e9 tiene planes ambiciosos de expandir este proyecto a otros municipios del Valle del Cauca, en colaboraci\u00f3n estrecha con las autoridades locales. \u00abQueremos llevar m\u00e1s de estas canchas a los municipios. La idea es fomentar la educaci\u00f3n sobre la recolecci\u00f3n y el reciclaje, y que este compromiso est\u00e9 en el ADN de los vallecaucanos\u00bb, afirm\u00f3 Barrag\u00e1n.<\/p>\n\n\n\n<p>Con m\u00e1s de un siglo de presencia en Colombia, Nestl\u00e9 reafirma su compromiso con el desarrollo sostenible y el bienestar de las comunidades colombianas. \u00abSeguimos apost\u00e1ndole al Valle del Cauca, al desarrollo y a tener comunidades en paz, con una cultura del reciclaje y espacios donde puedan surgir campeones en diversos deportes\u00bb, concluy\u00f3 Barrag\u00e1n.<\/p>\n\n\n\n<p>Esta iniciativa no solo resalta el compromiso de Nestl\u00e9 con la regi\u00f3n, sino que tambi\u00e9n fortalece las capacidades deportivas de los vallecaucanos, consolidando al Valle del Cauca como una cuna de campeones y un ejemplo de innovaci\u00f3n sostenible en el pa\u00eds.<\/p>\n","protected":false},"excerpt":{"rendered":"<p>En un evento emblem\u00e1tico para la comunidad Bugalagrande\u00f1a, Nestl\u00e9 reafirm\u00f3 su compromiso con el medio ambiente y la econom\u00eda circular con la inauguraci\u00f3n de \u00abLa Cancha Milo\u00bb, la tercera en el pa\u00eds y la primera en el Valle del Cauca. Este esfuerzo se alinea con los valores de Nestl\u00e9, que celebra m\u00e1s de un siglo [&hellip;]<\/p>\n","protected":false},"author":3,"featured_media":20324,"comment_status":"open","ping_status":"open","sticky":false,"template":"","format":"video","meta":{"footnotes":""},"categories":[10],"tags":[],"class_list":["post-20322","post","type-post","status-publish","format-video","has-post-thumbnail","hentry","category-cnc-noticias-tulua","post_format-post-format-video"],"_links":{"self":[{"href":"https:\/\/cnctulua.tv\/index.php?rest_route=\/wp\/v2\/posts\/20322","targetHints":{"allow":["GET"]}}],"collection":[{"href":"https:\/\/cnctulua.tv\/index.php?rest_route=\/wp\/v2\/posts"}],"about":[{"href":"https:\/\/cnctulua.tv\/index.php?rest_route=\/wp\/v2\/types\/post"}],"author":[{"embeddable":true,"href":"https:\/\/cnctulua.tv\/index.php?rest_route=\/wp\/v2\/users\/3"}],"replies":[{"embeddable":true,"href":"https:\/\/cnctulua.tv\/index.php?rest_route=%2Fwp%2Fv2%2Fcomments&post=20322"}],"version-history":[{"count":3,"href":"https:\/\/cnctulua.tv\/index.php?rest_route=\/wp\/v2\/posts\/20322\/revisions"}],"predecessor-version":[{"id":20339,"href":"https:\/\/cnctulua.tv\/index.php?rest_route=\/wp\/v2\/posts\/20322\/revisions\/20339"}],"wp:featuredmedia":[{"embeddable":true,"href":"https:\/\/cnctulua.tv\/index.php?rest_route=\/wp\/v2\/media\/20324"}],"wp:attachment":[{"href":"https:\/\/cnctulua.tv\/index.php?rest_route=%2Fwp%2Fv2%2Fmedia&parent=20322"}],"wp:term":[{"taxonomy":"category","embeddable":true,"href":"https:\/\/cnctulua.tv\/index.php?rest_route=%2Fwp%2Fv2%2Fcategories&post=20322"},{"taxonomy":"post_tag","embeddable":true,"href":"https:\/\/cnctulua.tv\/index.php?rest_route=%2Fwp%2Fv2%2Ftags&post=20322"}],"curies":[{"name":"wp","href":"https:\/\/api.w.org\/{rel}","templated":true}]}}