{"id":20652,"date":"2024-06-14T18:53:11","date_gmt":"2024-06-14T18:53:11","guid":{"rendered":"https:\/\/cnctulua.tv\/?p=20652"},"modified":"2024-06-14T18:53:18","modified_gmt":"2024-06-14T18:53:18","slug":"el-valle-del-cauca-lidera-la-implementacion-del-sistema-integrado-del-cuidado-para-fortalecer-el-bienestar-comunitario","status":"publish","type":"post","link":"https:\/\/cnctulua.tv\/?p=20652","title":{"rendered":"EL VALLE DEL CAUCA LIDERA LA IMPLEMENTACI\u00d3N DEL SISTEMA INTEGRADO DEL CUIDADO PARA FORTALECER EL BIENESTAR COMUNITARIO."},"content":{"rendered":"\n<p><\/p>\n\n\n\n<p>En un esfuerzo sin precedentes por abordar las necesidades de cuidado en la regi\u00f3n, el Valle del Cauca se erige como un l\u00edder visionario al implementar el Sistema Integrado del Cuidado. Esta iniciativa, que promete transformar el panorama del cuidado en Colombia, ofrece una gama de servicios y formaci\u00f3n continua tanto para cuidadoras como para quienes reciben cuidados.<\/p>\n\n\n\n<figure class=\"wp-block-embed is-type-video is-provider-youtube wp-block-embed-youtube wp-embed-aspect-16-9 wp-has-aspect-ratio\"><div class=\"wp-block-embed__wrapper\">\n<iframe loading=\"lazy\" title=\"El Valle del Cauca: Pionero en la Revoluci\u00f3n del Cuidado.\" width=\"640\" height=\"360\" src=\"https:\/\/www.youtube.com\/embed\/VrVIJ_bG058?feature=oembed\" frameborder=\"0\" allow=\"accelerometer; autoplay; clipboard-write; encrypted-media; gyroscope; picture-in-picture; web-share\" referrerpolicy=\"strict-origin-when-cross-origin\" allowfullscreen><\/iframe>\n<\/div><\/figure>\n\n\n\n<p><\/p>\n\n\n\n<p>A partir de septiembre, los municipios del Valle del Cauca ser\u00e1n testigos de una estrategia itinerante sin precedentes. Buses equipados con servicios especializados recorrer\u00e1n las comunidades, brindando atenci\u00f3n prioritaria a las cuidadoras y extendiendo su apoyo a ni\u00f1os, ni\u00f1as, personas mayores y otras poblaciones vulnerables.<\/p>\n\n\n\n<p>El Sistema Departamental de Cuidado &#8216;El Valle Cuida de Ti&#8217; es el pilar de esta revoluci\u00f3n. Iniciativas como el jard\u00edn infantil nocturno &#8216;Arrullo&#8217; dan testimonio del compromiso del departamento por satisfacer las necesidades de cuidado en los territorios.<\/p>\n\n\n\n<figure class=\"wp-block-image size-large is-resized\"><img loading=\"lazy\" decoding=\"async\" width=\"1024\" height=\"727\" src=\"https:\/\/cnctulua.tv\/wp-content\/uploads\/2024\/06\/WhatsApp-Image-2024-06-14-at-11.15.21-AM-1-1024x727.jpeg\" alt=\"\" class=\"wp-image-20653\" style=\"width:965px;height:auto\" srcset=\"https:\/\/cnctulua.tv\/wp-content\/uploads\/2024\/06\/WhatsApp-Image-2024-06-14-at-11.15.21-AM-1-1024x727.jpeg 1024w, https:\/\/cnctulua.tv\/wp-content\/uploads\/2024\/06\/WhatsApp-Image-2024-06-14-at-11.15.21-AM-1-300x213.jpeg 300w, https:\/\/cnctulua.tv\/wp-content\/uploads\/2024\/06\/WhatsApp-Image-2024-06-14-at-11.15.21-AM-1-768x545.jpeg 768w, https:\/\/cnctulua.tv\/wp-content\/uploads\/2024\/06\/WhatsApp-Image-2024-06-14-at-11.15.21-AM-1-1536x1091.jpeg 1536w, https:\/\/cnctulua.tv\/wp-content\/uploads\/2024\/06\/WhatsApp-Image-2024-06-14-at-11.15.21-AM-1-2048x1454.jpeg 2048w, https:\/\/cnctulua.tv\/wp-content\/uploads\/2024\/06\/WhatsApp-Image-2024-06-14-at-11.15.21-AM-1-scaled.jpeg 1521w\" sizes=\"auto, (max-width: 1024px) 100vw, 1024px\" \/><\/figure>\n\n\n\n<p>Karen Rada, secretaria de Desarrollo Social y Participaci\u00f3n del Valle del Cauca, enfatiza el impacto positivo de programas como los &#8216;Roperos de la Inclusi\u00f3n&#8217;, los comedores comunitarios y los Centros Vida, que no solo fortalecen la econom\u00eda local, sino que tambi\u00e9n mejoran la calidad de vida de los habitantes.<\/p>\n\n\n\n<p>Yurani Ordo\u00f1ez, secretaria de Mujer, Equidad de G\u00e9nero y Diversidad Sexual del Valle, destaca la importancia de transformar los imaginarios sociales y promover la autonom\u00eda de todas las cuidadoras. Este programa, asegura, no solo se enfoca en quienes brindan cuidado, sino tambi\u00e9n en quienes lo necesitan.<\/p>\n\n\n\n<p>El Valle del Cauca avanza hacia una sociedad m\u00e1s equitativa y justa, desafiando los estereotipos sobre el cuidado y reconociendo la invaluable labor de las mujeres en esta esfera. Con el Sistema Integrado del Cuidado, la regi\u00f3n se convierte en un faro de esperanza para un futuro donde el bienestar de todos sea una realidad palpable.<\/p>\n","protected":false},"excerpt":{"rendered":"<p>En un esfuerzo sin precedentes por abordar las necesidades de cuidado en la regi\u00f3n, el Valle del Cauca se erige como un l\u00edder visionario al implementar el Sistema Integrado del Cuidado. Esta iniciativa, que promete transformar el panorama del cuidado en Colombia, ofrece una gama de servicios y formaci\u00f3n continua tanto para cuidadoras como para [&hellip;]<\/p>\n","protected":false},"author":3,"featured_media":20654,"comment_status":"open","ping_status":"open","sticky":false,"template":"","format":"video","meta":{"footnotes":""},"categories":[10],"tags":[],"class_list":["post-20652","post","type-post","status-publish","format-video","has-post-thumbnail","hentry","category-cnc-noticias-tulua","post_format-post-format-video"],"_links":{"self":[{"href":"https:\/\/cnctulua.tv\/index.php?rest_route=\/wp\/v2\/posts\/20652","targetHints":{"allow":["GET"]}}],"collection":[{"href":"https:\/\/cnctulua.tv\/index.php?rest_route=\/wp\/v2\/posts"}],"about":[{"href":"https:\/\/cnctulua.tv\/index.php?rest_route=\/wp\/v2\/types\/post"}],"author":[{"embeddable":true,"href":"https:\/\/cnctulua.tv\/index.php?rest_route=\/wp\/v2\/users\/3"}],"replies":[{"embeddable":true,"href":"https:\/\/cnctulua.tv\/index.php?rest_route=%2Fwp%2Fv2%2Fcomments&post=20652"}],"version-history":[{"count":1,"href":"https:\/\/cnctulua.tv\/index.php?rest_route=\/wp\/v2\/posts\/20652\/revisions"}],"predecessor-version":[{"id":20655,"href":"https:\/\/cnctulua.tv\/index.php?rest_route=\/wp\/v2\/posts\/20652\/revisions\/20655"}],"wp:featuredmedia":[{"embeddable":true,"href":"https:\/\/cnctulua.tv\/index.php?rest_route=\/wp\/v2\/media\/20654"}],"wp:attachment":[{"href":"https:\/\/cnctulua.tv\/index.php?rest_route=%2Fwp%2Fv2%2Fmedia&parent=20652"}],"wp:term":[{"taxonomy":"category","embeddable":true,"href":"https:\/\/cnctulua.tv\/index.php?rest_route=%2Fwp%2Fv2%2Fcategories&post=20652"},{"taxonomy":"post_tag","embeddable":true,"href":"https:\/\/cnctulua.tv\/index.php?rest_route=%2Fwp%2Fv2%2Ftags&post=20652"}],"curies":[{"name":"wp","href":"https:\/\/api.w.org\/{rel}","templated":true}]}}