{"id":20710,"date":"2024-06-17T17:27:31","date_gmt":"2024-06-17T17:27:31","guid":{"rendered":"https:\/\/cnctulua.tv\/?p=20710"},"modified":"2024-06-17T17:27:37","modified_gmt":"2024-06-17T17:27:37","slug":"avances-en-la-sustitucion-de-cultivos-ilicitos-en-jamundi-un-esfuerzo-colectivo-por-la-transformacion-economica","status":"publish","type":"post","link":"https:\/\/cnctulua.tv\/?p=20710","title":{"rendered":"AVANCES EN LA SUSTITUCI\u00d3N DE CULTIVOS IL\u00cdCITOS EN JAMUND\u00cd: UN ESFUERZO COLECTIVO POR LA TRANSFORMACI\u00d3N ECON\u00d3MICA."},"content":{"rendered":"\n<p><\/p>\n\n\n\n<p>En un movimiento determinante para cambiar el panorama agr\u00edcola de la zona alta de Jamund\u00ed, la Gobernaci\u00f3n del Valle del Cauca ha intensificado sus esfuerzos en colaboraci\u00f3n con campesinos y comunidades ind\u00edgenas locales. Bajo la direcci\u00f3n de la gobernadora Dilian Francisca Toro, se ha hecho un llamado urgente al Gobierno nacional para unirse en un plan integral de sustituci\u00f3n de cultivos il\u00edcitos por proyectos agr\u00edcolas sostenibles.<\/p>\n\n\n\n<p><\/p>\n\n\n\n<figure class=\"wp-block-embed is-type-video is-provider-youtube wp-block-embed-youtube wp-embed-aspect-16-9 wp-has-aspect-ratio\"><div class=\"wp-block-embed__wrapper\">\n<iframe loading=\"lazy\" title=\"Avances en la sustituci\u00f3n de cultivos il\u00edcitos en Jamund\u00ed: un llamado a la articulaci\u00f3n nacional.\" width=\"640\" height=\"360\" src=\"https:\/\/www.youtube.com\/embed\/iLNZajIbAzo?feature=oembed\" frameborder=\"0\" allow=\"accelerometer; autoplay; clipboard-write; encrypted-media; gyroscope; picture-in-picture; web-share\" referrerpolicy=\"strict-origin-when-cross-origin\" allowfullscreen><\/iframe>\n<\/div><\/figure>\n\n\n\n<p>La gobernadora Toro ha enfatizado la importancia de este proyecto como una oportunidad para generar ingresos estables y legales para las comunidades, reduciendo as\u00ed la dependencia de cultivos como la coca. \u00abNecesitamos el apoyo del Gobierno nacional para hacer realidad nuestra visi\u00f3n de inversi\u00f3n social y desarrollo econ\u00f3mico en Jamund\u00ed\u00bb, declar\u00f3.<\/p>\n\n\n\n<p>Desde el inicio de su mandato, la gobernadora ha liderado mesas de trabajo con campesinos e ind\u00edgenas, facilitadas por la Secretar\u00eda de Convivencia y Seguridad Ciudadana del Valle en colaboraci\u00f3n con la Alcald\u00eda de Jamund\u00ed. Estos encuentros han sido fundamentales para entender las necesidades locales y establecer estrategias efectivas de sustituci\u00f3n de cultivos.<\/p>\n\n\n\n<p>Aunque a\u00fan no existe una pol\u00edtica nacional espec\u00edfica para este prop\u00f3sito, la gobernadora ha propuesto la implementaci\u00f3n de proyectos productivos, como cultivos de pl\u00e1tano, frutas y hortalizas, con el respaldo del sector privado para asegurar la comercializaci\u00f3n de los productos.<\/p>\n\n\n\n<p>El camino hacia una econom\u00eda l\u00edcita en Jamund\u00ed depende de la coordinaci\u00f3n entre el Gobierno nacional y las autoridades locales. \u00abNecesitamos que nos apoyen con la caracterizaci\u00f3n y el seguimiento del proceso con las comunidades para garantizar una transici\u00f3n efectiva\u00bb, agreg\u00f3 la mandataria.<\/p>\n\n\n\n<p>En conclusi\u00f3n, los esfuerzos liderados por la Gobernaci\u00f3n del Valle del Cauca en la sustituci\u00f3n de cultivos il\u00edcitos en Jamund\u00ed representan un paso crucial hacia el desarrollo sostenible y la paz en la regi\u00f3n, subrayando la necesidad de una colaboraci\u00f3n continua y comprometida entre los diferentes niveles de gobierno y la sociedad civil.<\/p>\n","protected":false},"excerpt":{"rendered":"<p>En un movimiento determinante para cambiar el panorama agr\u00edcola de la zona alta de Jamund\u00ed, la Gobernaci\u00f3n del Valle del Cauca ha intensificado sus esfuerzos en colaboraci\u00f3n con campesinos y comunidades ind\u00edgenas locales. Bajo la direcci\u00f3n de la gobernadora Dilian Francisca Toro, se ha hecho un llamado urgente al Gobierno nacional para unirse en un [&hellip;]<\/p>\n","protected":false},"author":3,"featured_media":20711,"comment_status":"open","ping_status":"open","sticky":false,"template":"","format":"video","meta":{"footnotes":""},"categories":[10],"tags":[],"class_list":["post-20710","post","type-post","status-publish","format-video","has-post-thumbnail","hentry","category-cnc-noticias-tulua","post_format-post-format-video"],"_links":{"self":[{"href":"https:\/\/cnctulua.tv\/index.php?rest_route=\/wp\/v2\/posts\/20710","targetHints":{"allow":["GET"]}}],"collection":[{"href":"https:\/\/cnctulua.tv\/index.php?rest_route=\/wp\/v2\/posts"}],"about":[{"href":"https:\/\/cnctulua.tv\/index.php?rest_route=\/wp\/v2\/types\/post"}],"author":[{"embeddable":true,"href":"https:\/\/cnctulua.tv\/index.php?rest_route=\/wp\/v2\/users\/3"}],"replies":[{"embeddable":true,"href":"https:\/\/cnctulua.tv\/index.php?rest_route=%2Fwp%2Fv2%2Fcomments&post=20710"}],"version-history":[{"count":1,"href":"https:\/\/cnctulua.tv\/index.php?rest_route=\/wp\/v2\/posts\/20710\/revisions"}],"predecessor-version":[{"id":20712,"href":"https:\/\/cnctulua.tv\/index.php?rest_route=\/wp\/v2\/posts\/20710\/revisions\/20712"}],"wp:featuredmedia":[{"embeddable":true,"href":"https:\/\/cnctulua.tv\/index.php?rest_route=\/wp\/v2\/media\/20711"}],"wp:attachment":[{"href":"https:\/\/cnctulua.tv\/index.php?rest_route=%2Fwp%2Fv2%2Fmedia&parent=20710"}],"wp:term":[{"taxonomy":"category","embeddable":true,"href":"https:\/\/cnctulua.tv\/index.php?rest_route=%2Fwp%2Fv2%2Fcategories&post=20710"},{"taxonomy":"post_tag","embeddable":true,"href":"https:\/\/cnctulua.tv\/index.php?rest_route=%2Fwp%2Fv2%2Ftags&post=20710"}],"curies":[{"name":"wp","href":"https:\/\/api.w.org\/{rel}","templated":true}]}}